

{"id":936,"date":"2015-06-16T11:58:58","date_gmt":"2015-06-16T09:58:58","guid":{"rendered":"https:\/\/blog.kalender-uhrzeit.de\/?p=936"},"modified":"2018-06-20T12:42:45","modified_gmt":"2018-06-20T10:42:45","slug":"sommeranfang-2015","status":"publish","type":"post","link":"https:\/\/www.kalender-uhrzeit.de\/blog\/sternzeit\/sommeranfang-2015\/","title":{"rendered":"Sommeranfang 2015"},"content":{"rendered":"<p class=\"underPic\"><strong>Am 21. Juni 2015 ist Sommeranfang. Anlass f\u00fcr uns, eine schicke <a title=\"Infografik \u201eSommer und Zeit\u201c\" href=\"#Infografik_Sommer_Zeit\">Infografik zum Thema Sommer und Zeit<\/a> und Sommerzeit zu erstellen! Wir haben f\u00fcr euch kuriose Daten und n\u00fctzliche Tipps zusammengetragen.<\/strong><\/p>\r\n\r\n<a href=\"\/blog\/wp-content\/uploads\/2015\/06\/sommeranfang-2015.png\" data-rel=\"lightbox-image-0\" data-rl_title=\"\" data-rl_caption=\"\" title=\"\"><img decoding=\"async\" loading=\"lazy\" src=\"\/blog\/wp-content\/uploads\/2015\/06\/sommeranfang-2015.png\" alt=\"Sommerfeeling: Sonnenhut am Meer\" width=\"700\" height=\"382\"\/><\/a><p class=\"wp-caption-text\">Sommeranfang 2015: Sommerfeeling am Meer \u00a9twinlili \/ pixelio.de<\/p>\r\n\r\n<h2>Wann ist Sommeranfang 2015?<\/h2>\r\n\r\n<p>Der meteorologische Sommeranfang 2015 war bereits am 1. Juni. Dies ist ein feststehendes Datum und somit jedes Jahr gleich. Der kalendarische Sommeranfang 2015 ist am 21. Juni. Dieses Datum richtet sich nach dem Stand der Sonne &#8211; man spricht daher auch von der Sommersonnenwende. Diese kann am 20., 21. oder 22. Juni eintreten.<\/p>\r\n\r\n<h2>Wie lange dauert ein Sommer?<\/h2>\r\n\r\n<p>Der Sommer startet zur Sommersonnenwende und endet mit der Herbst-Tagundnachtgleiche. Beide Termine sind beweglich. W\u00e4hrend die Sommersonnenwende am 20., 21. oder 22. Juni stattfinden kann, ist die Herbst-Tagundnachtgleiche am 22. oder 23. September. Ein Sommer dauert daher mindestens 93 Tage und maximal 96 Tage.<\/p>\r\n\r\n<p>Zudem ist der Nordsommer geringf\u00fcgig l\u00e4nger als der S\u00fcdsommer, da die Erde w\u00e4hrend dieser Zeit etwas weiter von der Sonne entfernt ist. Grund daf\u00fcr ist die elliptische Umlaufbahn der Erde um die Sonne und die Neigung der Erdachse um 23,44 Grad.<\/p>\r\n\r\n<h2>Wann und wo war bisher der hei\u00dfeste Sommer?<\/h2>\r\n\r\n<div class=\"fllContent\"><a href=\"\/blog\/wp-content\/uploads\/2015\/06\/libysche-wueste.png\" data-rel=\"lightbox-image-1\" data-rl_title=\"\" data-rl_caption=\"\" title=\"\"><img decoding=\"async\" loading=\"lazy\" src=\"\/blog\/wp-content\/uploads\/2015\/06\/libysche-wueste.png\" alt=\"Die Libysche W\u00fcste\" width=\"380\" height=\"234\"\/><\/a><p class=\"wp-caption-text\">Echt hei\u00df: 57,3\u00b0C in der libyschen W\u00fcste \u00a9Jens Rosenwald\/pixelio.de<\/p><\/div>\r\n\r\n<p>Seit es verl\u00e4ssliche Aufzeichnungen zu den Temperaturen gibt, waren 1983 und 2003 die hei\u00dfesten Sommer in Deutschland. In G\u00e4rmersdorf bei Amberg (am 27. Juli 1983), in Karlsruhe (am 9. und 13. August 2003) und in Freiburg (am 13. August 2003) wurden Spitzenwerte von 40,2 Grad gemessen. Der k\u00e4lteste Sommer Deutschlands herrschte 1816. Im Schnitt schaffte es das Thermometer hier nur auf 14,1 Grad. Aufgrund der darauf folgenden Missernten gab es eine gro\u00dfe Hungersnot zu deren Erinnerung mancherorts sogenannte Hungertaler gepr\u00e4gt wurden.<\/p>\r\n\r\n<p>Global betrachtet vermeldete El Asisija (Libyen) 1923 mit 57,3 Grad bisher den hei\u00dfesten Sommer.<\/p>\r\n\r\n<h2>Wie lange darf ich ungesch\u00fctzt in der Sonne bleiben?<\/h2>\r\n\r\n<p>Gerade wenn die Haut noch nicht an die Sonne gew\u00f6hnt ist, ist die Gefahr eines Sonnenbrands besonders hoch. Dennoch haben die Sonnenstrahlen bei einigen Mensch eine gr\u00f6\u00dfere Auswirkung als bei anderen. Daher unterscheiden Experten zwischen vier verschiedenen Hauttypen:<\/p>\r\n\r\n<h3>Typ 1 &#8211; Keltischer Typ<\/h3>\r\n\r\n<p>Menschen mit r\u00f6tlichen Haaren, blaue Augen und heller Haut, die h\u00e4ufig auch von Sommersprossen bedeckt ist, sollten sich besonders gut vor den Sonnenstrahlen sch\u00fctzen. Sie vertragen nur etwa 5 bis maximal 10 Minuten ohne Sonnenschutz in der Sonne. Die Haut wird nicht braun, sondern rot und kann schnell irreparable Sch\u00e4den davon tragen. Also unbedingt immer gut eincremen &#8211; auch im Schatten&#8220;<\/p>\r\n\r\n<h3>Typ 2 &#8211; Germanischer Typ<\/h3>\r\n\r\n<p>Wer blonde Haare und helle Augen hat, vertr\u00e4gt schon etwas l\u00e4nger die direkte Sonne &#8211; etwa 10 bis 20 Minuten. Hat sich die Haut ein wenig an die Sonne gew\u00f6hnt, wird sie auch braun. Dennoch gilt auch hier: Immer gut eincremen und keine ausgedehnten Sonnenb\u00e4der unternehmen.<\/p>","protected":false},"excerpt":{"rendered":"Am 21. Juni 2015 ist Sommeranfang. Anlass f\u00fcr uns, eine schicke Infografik zum Thema Sommer und Zeit und Sommerzeit zu erstellen! Wir haben f\u00fcr euch","protected":false},"author":3,"featured_media":983,"comment_status":"open","ping_status":"open","sticky":false,"template":"","format":"standard","meta":[],"categories":[8],"tags":[55,21,65],"yoast_head":"<!-- This site is optimized with the Yoast SEO plugin v20.12 - https:\/\/yoast.com\/wordpress\/plugins\/seo\/ -->\n<title>Sommeranfang 2015<\/title>\n<meta name=\"description\" content=\"Am 21. Juni 2015 ist Sommeranfang! Unsere Infografik zeigt: Wie lange darf ich ungesch\u00fctzt in der Sonne bleiben? Wann war Deutschlands hei\u00dfester Sommer? uvm\" \/>\n<meta name=\"robots\" content=\"index, follow, max-snippet:-1, max-image-preview:large, max-video-preview:-1\" \/>\n<link rel=\"canonical\" href=\"https:\/\/www.kalender-uhrzeit.de\/blog\/sternzeit\/sommeranfang-2015\/\" \/>\n<meta property=\"og:locale\" content=\"de_DE\" \/>\n<meta property=\"og:type\" content=\"article\" \/>\n<meta property=\"og:title\" content=\"Sommeranfang 2015\" \/>\n<meta property=\"og:description\" content=\"Am 21. Juni 2015 ist Sommeranfang! Unsere Infografik zeigt: Wie lange darf ich ungesch\u00fctzt in der Sonne bleiben? Wann war Deutschlands hei\u00dfester Sommer? uvm\" \/>\n<meta property=\"og:url\" content=\"https:\/\/www.kalender-uhrzeit.de\/blog\/sternzeit\/sommeranfang-2015\/\" \/>\n<meta property=\"og:site_name\" content=\"KalUhrBlog\" \/>\n<meta property=\"article:published_time\" content=\"2015-06-16T09:58:58+00:00\" \/>\n<meta property=\"article:modified_time\" content=\"2018-06-20T10:42:45+00:00\" \/>\n<meta property=\"og:image\" content=\"https:\/\/www.kalender-uhrzeit.de\/blog\/wp-content\/uploads\/2015\/06\/sommeranfang-2015.png\" \/>\n\t<meta property=\"og:image:width\" content=\"700\" \/>\n\t<meta property=\"og:image:height\" content=\"382\" \/>\n\t<meta property=\"og:image:type\" content=\"image\/png\" \/>\n<meta name=\"author\" content=\"B K\" \/>\n<meta name=\"twitter:label1\" content=\"Verfasst von\" \/>\n\t<meta name=\"twitter:data1\" content=\"B K\" \/>\n\t<meta name=\"twitter:label2\" content=\"Gesch\u00e4tzte Lesezeit\" \/>\n\t<meta name=\"twitter:data2\" content=\"2\u00a0Minuten\" \/>\n<script type=\"application\/ld+json\" class=\"yoast-schema-graph\">{\"@context\":\"https:\/\/schema.org\",\"@graph\":[{\"@type\":\"WebPage\",\"@id\":\"https:\/\/www.kalender-uhrzeit.de\/blog\/sternzeit\/sommeranfang-2015\/\",\"url\":\"https:\/\/www.kalender-uhrzeit.de\/blog\/sternzeit\/sommeranfang-2015\/\",\"name\":\"Sommeranfang 2015\",\"isPartOf\":{\"@id\":\"https:\/\/www.kalender-uhrzeit.de\/blog\/#website\"},\"datePublished\":\"2015-06-16T09:58:58+00:00\",\"dateModified\":\"2018-06-20T10:42:45+00:00\",\"author\":{\"@id\":\"https:\/\/www.kalender-uhrzeit.de\/blog\/#\/schema\/person\/e183927656d491565aa837f62e93e6a5\"},\"description\":\"Am 21. Juni 2015 ist Sommeranfang! Unsere Infografik zeigt: Wie lange darf ich ungesch\u00fctzt in der Sonne bleiben? Wann war Deutschlands hei\u00dfester Sommer? uvm\",\"breadcrumb\":{\"@id\":\"https:\/\/www.kalender-uhrzeit.de\/blog\/sternzeit\/sommeranfang-2015\/#breadcrumb\"},\"inLanguage\":\"de\",\"potentialAction\":[{\"@type\":\"ReadAction\",\"target\":[\"https:\/\/www.kalender-uhrzeit.de\/blog\/sternzeit\/sommeranfang-2015\/\"]}]},{\"@type\":\"BreadcrumbList\",\"@id\":\"https:\/\/www.kalender-uhrzeit.de\/blog\/sternzeit\/sommeranfang-2015\/#breadcrumb\",\"itemListElement\":[{\"@type\":\"ListItem\",\"position\":1,\"name\":\"Home\",\"item\":\"https:\/\/www.kalender-uhrzeit.de\/blog\/\"},{\"@type\":\"ListItem\",\"position\":2,\"name\":\"Sommeranfang 2015\"}]},{\"@type\":\"WebSite\",\"@id\":\"https:\/\/www.kalender-uhrzeit.de\/blog\/#website\",\"url\":\"https:\/\/www.kalender-uhrzeit.de\/blog\/\",\"name\":\"KalUhrBlog\",\"description\":\"\",\"potentialAction\":[{\"@type\":\"SearchAction\",\"target\":{\"@type\":\"EntryPoint\",\"urlTemplate\":\"https:\/\/www.kalender-uhrzeit.de\/blog\/?s={search_term_string}\"},\"query-input\":\"required name=search_term_string\"}],\"inLanguage\":\"de\"},{\"@type\":\"Person\",\"@id\":\"https:\/\/www.kalender-uhrzeit.de\/blog\/#\/schema\/person\/e183927656d491565aa837f62e93e6a5\",\"name\":\"B K\",\"url\":\"https:\/\/www.kalender-uhrzeit.de\/blog\/author\/musicmonk\/\"}]}<\/script>\n<!-- \/ Yoast SEO plugin. -->","yoast_head_json":{"title":"Sommeranfang 2015","description":"Am 21. Juni 2015 ist Sommeranfang! Unsere Infografik zeigt: Wie lange darf ich ungesch\u00fctzt in der Sonne bleiben? Wann war Deutschlands hei\u00dfester Sommer? uvm","robots":{"index":"index","follow":"follow","max-snippet":"max-snippet:-1","max-image-preview":"max-image-preview:large","max-video-preview":"max-video-preview:-1"},"canonical":"https:\/\/www.kalender-uhrzeit.de\/blog\/sternzeit\/sommeranfang-2015\/","og_locale":"de_DE","og_type":"article","og_title":"Sommeranfang 2015","og_description":"Am 21. Juni 2015 ist Sommeranfang! Unsere Infografik zeigt: Wie lange darf ich ungesch\u00fctzt in der Sonne bleiben? Wann war Deutschlands hei\u00dfester Sommer? uvm","og_url":"https:\/\/www.kalender-uhrzeit.de\/blog\/sternzeit\/sommeranfang-2015\/","og_site_name":"KalUhrBlog","article_published_time":"2015-06-16T09:58:58+00:00","article_modified_time":"2018-06-20T10:42:45+00:00","og_image":[{"width":700,"height":382,"url":"https:\/\/www.kalender-uhrzeit.de\/blog\/wp-content\/uploads\/2015\/06\/sommeranfang-2015.png","type":"image\/png"}],"author":"B K","twitter_misc":{"Verfasst von":"B K","Gesch\u00e4tzte Lesezeit":"2\u00a0Minuten"},"schema":{"@context":"https:\/\/schema.org","@graph":[{"@type":"WebPage","@id":"https:\/\/www.kalender-uhrzeit.de\/blog\/sternzeit\/sommeranfang-2015\/","url":"https:\/\/www.kalender-uhrzeit.de\/blog\/sternzeit\/sommeranfang-2015\/","name":"Sommeranfang 2015","isPartOf":{"@id":"https:\/\/www.kalender-uhrzeit.de\/blog\/#website"},"datePublished":"2015-06-16T09:58:58+00:00","dateModified":"2018-06-20T10:42:45+00:00","author":{"@id":"https:\/\/www.kalender-uhrzeit.de\/blog\/#\/schema\/person\/e183927656d491565aa837f62e93e6a5"},"description":"Am 21. Juni 2015 ist Sommeranfang! Unsere Infografik zeigt: Wie lange darf ich ungesch\u00fctzt in der Sonne bleiben? Wann war Deutschlands hei\u00dfester Sommer? uvm","breadcrumb":{"@id":"https:\/\/www.kalender-uhrzeit.de\/blog\/sternzeit\/sommeranfang-2015\/#breadcrumb"},"inLanguage":"de","potentialAction":[{"@type":"ReadAction","target":["https:\/\/www.kalender-uhrzeit.de\/blog\/sternzeit\/sommeranfang-2015\/"]}]},{"@type":"BreadcrumbList","@id":"https:\/\/www.kalender-uhrzeit.de\/blog\/sternzeit\/sommeranfang-2015\/#breadcrumb","itemListElement":[{"@type":"ListItem","position":1,"name":"Home","item":"https:\/\/www.kalender-uhrzeit.de\/blog\/"},{"@type":"ListItem","position":2,"name":"Sommeranfang 2015"}]},{"@type":"WebSite","@id":"https:\/\/www.kalender-uhrzeit.de\/blog\/#website","url":"https:\/\/www.kalender-uhrzeit.de\/blog\/","name":"KalUhrBlog","description":"","potentialAction":[{"@type":"SearchAction","target":{"@type":"EntryPoint","urlTemplate":"https:\/\/www.kalender-uhrzeit.de\/blog\/?s={search_term_string}"},"query-input":"required name=search_term_string"}],"inLanguage":"de"},{"@type":"Person","@id":"https:\/\/www.kalender-uhrzeit.de\/blog\/#\/schema\/person\/e183927656d491565aa837f62e93e6a5","name":"B K","url":"https:\/\/www.kalender-uhrzeit.de\/blog\/author\/musicmonk\/"}]}},"_links":{"self":[{"href":"https:\/\/www.kalender-uhrzeit.de\/blog\/wp-json\/wp\/v2\/posts\/936"}],"collection":[{"href":"https:\/\/www.kalender-uhrzeit.de\/blog\/wp-json\/wp\/v2\/posts"}],"about":[{"href":"https:\/\/www.kalender-uhrzeit.de\/blog\/wp-json\/wp\/v2\/types\/post"}],"author":[{"embeddable":true,"href":"https:\/\/www.kalender-uhrzeit.de\/blog\/wp-json\/wp\/v2\/users\/3"}],"replies":[{"embeddable":true,"href":"https:\/\/www.kalender-uhrzeit.de\/blog\/wp-json\/wp\/v2\/comments?post=936"}],"version-history":[{"count":40,"href":"https:\/\/www.kalender-uhrzeit.de\/blog\/wp-json\/wp\/v2\/posts\/936\/revisions"}],"predecessor-version":[{"id":2612,"href":"https:\/\/www.kalender-uhrzeit.de\/blog\/wp-json\/wp\/v2\/posts\/936\/revisions\/2612"}],"wp:featuredmedia":[{"embeddable":true,"href":"https:\/\/www.kalender-uhrzeit.de\/blog\/wp-json\/wp\/v2\/media\/983"}],"wp:attachment":[{"href":"https:\/\/www.kalender-uhrzeit.de\/blog\/wp-json\/wp\/v2\/media?parent=936"}],"wp:term":[{"taxonomy":"category","embeddable":true,"href":"https:\/\/www.kalender-uhrzeit.de\/blog\/wp-json\/wp\/v2\/categories?post=936"},{"taxonomy":"post_tag","embeddable":true,"href":"https:\/\/www.kalender-uhrzeit.de\/blog\/wp-json\/wp\/v2\/tags?post=936"}],"curies":[{"name":"wp","href":"https:\/\/api.w.org\/{rel}","templated":true}]}}