

{"id":722,"date":"2015-03-25T14:07:00","date_gmt":"2015-03-25T12:07:00","guid":{"rendered":"https:\/\/blog.kalender-uhrzeit.de\/?p=722"},"modified":"2018-06-20T12:50:13","modified_gmt":"2018-06-20T10:50:13","slug":"zeitumstellung-2015-auf-sommerzeit","status":"publish","type":"post","link":"https:\/\/www.kalender-uhrzeit.de\/blog\/zeitmesser\/zeitumstellung-2015-auf-sommerzeit\/","title":{"rendered":"Zeitumstellung 2015 \u2013 Sonntag beginnt die Sommerzeit"},"content":{"rendered":"<p><strong>In der Nacht vom 28. M\u00e4rz auf Sonntag, den 29. M\u00e4rz werden die Uhren von 2 Uhr auf 3 Uhr morgens umgestellt. Wir verlieren eine Stunde Schlaf \u2013 und gewinnen ein St\u00fcck Sommer.<\/strong><\/p>\r\n\r\n<a href=\"\/blog\/wp-content\/uploads\/2015\/03\/zeitumstellung-2015-sommerzeit.png\" data-rel=\"lightbox-image-0\" data-rl_title=\"\" data-rl_caption=\"\" title=\"\"><img decoding=\"async\" loading=\"lazy\" src=\"\/blog\/wp-content\/uploads\/2015\/03\/zeitumstellung-2015-sommerzeit.png\" alt=\"Zeitumstellung 2015 auf Sommerzeit\" width=\"700\" height=\"370\" class=\"size-full\"\/><\/a><p class=\"wp-caption-text\">Zeitumstellung 2015: Am 29. M\u00e4rz 2015 wird die Uhr auf Sommerzeit gestellt.<\/p>\r\n\r\n<p class=\"underPic\">Am Sonntag Morgen stiehlt uns die Umstellung auf die Sommerzeit wieder eine Stunde Schlaf. Einige freuen sich \u00fcber dieses offizielle Einl\u00e4uten der Sommerzeit, andere beklagen die verk\u00fcrzte Nacht. Doch wie gut bekommt unserem K\u00f6rper diese Umstellung?<\/p>\r\n\r\n<h2>Fehlende Stunde bringt Hormonhaushalt durcheinander<\/h2>\r\n\r\n<p>Laut einer Analyse der DAK ist in den ersten drei Tagen nach der Zeitumstellung auf Sommerzeit eine erh\u00f6hte Zahl von Herzinfarkten zu verzeichnen. Diese werden unter anderem durch Schlafmangel und die damit einhergehende Ver\u00e4nderung des Biorhythmus verursacht.<\/p>\r\n\r\n<p>Aber auch Schlappheit, M\u00fcdigkeit und Probleme beim Einschlafen z\u00e4hlen zu den Symptomen der Zeitumstellung, unter denen nicht nur Erwachsene, sondern auch Kinder leiden k\u00f6nnen. Gem\u00e4\u00df der DAK-Umfrage leidet jeder vierte Deutsche unter der Zeitumstellung.<\/p>","protected":false},"excerpt":{"rendered":"In der Nacht vom 28. M\u00e4rz auf Sonntag, den 29. M\u00e4rz werden die Uhren von 2 Uhr auf 3 Uhr morgens umgestellt. Wir verlieren eine","protected":false},"author":3,"featured_media":726,"comment_status":"open","ping_status":"open","sticky":false,"template":"","format":"standard","meta":[],"categories":[9],"tags":[55,21,65,91],"yoast_head":"<!-- This site is optimized with the Yoast SEO plugin v20.12 - https:\/\/yoast.com\/wordpress\/plugins\/seo\/ -->\n<title>Zeitumstellung 2015 auf Sommerzeit<\/title>\n<meta name=\"description\" content=\"Die Uhren werden am Sonntag, den 29. M\u00e4rz 2015 von 2 Uhr nachts auf 3 Uhr nachts eine Stunde vorgestellt. Die Sommerzeit beginnt!\" \/>\n<meta name=\"robots\" content=\"index, follow, max-snippet:-1, max-image-preview:large, max-video-preview:-1\" \/>\n<link rel=\"canonical\" href=\"https:\/\/www.kalender-uhrzeit.de\/blog\/zeitmesser\/zeitumstellung-2015-auf-sommerzeit\/\" \/>\n<meta property=\"og:locale\" content=\"de_DE\" \/>\n<meta property=\"og:type\" content=\"article\" \/>\n<meta property=\"og:title\" content=\"Zeitumstellung 2015 auf Sommerzeit\" \/>\n<meta property=\"og:description\" content=\"Die Uhren werden am Sonntag, den 29. M\u00e4rz 2015 von 2 Uhr nachts auf 3 Uhr nachts eine Stunde vorgestellt. Die Sommerzeit beginnt!\" \/>\n<meta property=\"og:url\" content=\"https:\/\/www.kalender-uhrzeit.de\/blog\/zeitmesser\/zeitumstellung-2015-auf-sommerzeit\/\" \/>\n<meta property=\"og:site_name\" content=\"KalUhrBlog\" \/>\n<meta property=\"article:published_time\" content=\"2015-03-25T12:07:00+00:00\" \/>\n<meta property=\"article:modified_time\" content=\"2018-06-20T10:50:13+00:00\" \/>\n<meta property=\"og:image\" content=\"https:\/\/www.kalender-uhrzeit.de\/blog\/wp-content\/uploads\/2015\/03\/zeitumstellung-2015-sommerzeit.png\" \/>\n\t<meta property=\"og:image:width\" content=\"700\" \/>\n\t<meta property=\"og:image:height\" content=\"370\" \/>\n\t<meta property=\"og:image:type\" content=\"image\/png\" \/>\n<meta name=\"author\" content=\"B K\" \/>\n<meta name=\"twitter:label1\" content=\"Verfasst von\" \/>\n\t<meta name=\"twitter:data1\" content=\"B K\" \/>\n\t<meta name=\"twitter:label2\" content=\"Gesch\u00e4tzte Lesezeit\" \/>\n\t<meta name=\"twitter:data2\" content=\"1\u00a0Minute\" \/>\n<script type=\"application\/ld+json\" class=\"yoast-schema-graph\">{\"@context\":\"https:\/\/schema.org\",\"@graph\":[{\"@type\":\"WebPage\",\"@id\":\"https:\/\/www.kalender-uhrzeit.de\/blog\/zeitmesser\/zeitumstellung-2015-auf-sommerzeit\/\",\"url\":\"https:\/\/www.kalender-uhrzeit.de\/blog\/zeitmesser\/zeitumstellung-2015-auf-sommerzeit\/\",\"name\":\"Zeitumstellung 2015 auf Sommerzeit\",\"isPartOf\":{\"@id\":\"https:\/\/www.kalender-uhrzeit.de\/blog\/#website\"},\"datePublished\":\"2015-03-25T12:07:00+00:00\",\"dateModified\":\"2018-06-20T10:50:13+00:00\",\"author\":{\"@id\":\"https:\/\/www.kalender-uhrzeit.de\/blog\/#\/schema\/person\/e183927656d491565aa837f62e93e6a5\"},\"description\":\"Die Uhren werden am Sonntag, den 29. M\u00e4rz 2015 von 2 Uhr nachts auf 3 Uhr nachts eine Stunde vorgestellt. Die Sommerzeit beginnt!\",\"breadcrumb\":{\"@id\":\"https:\/\/www.kalender-uhrzeit.de\/blog\/zeitmesser\/zeitumstellung-2015-auf-sommerzeit\/#breadcrumb\"},\"inLanguage\":\"de\",\"potentialAction\":[{\"@type\":\"ReadAction\",\"target\":[\"https:\/\/www.kalender-uhrzeit.de\/blog\/zeitmesser\/zeitumstellung-2015-auf-sommerzeit\/\"]}]},{\"@type\":\"BreadcrumbList\",\"@id\":\"https:\/\/www.kalender-uhrzeit.de\/blog\/zeitmesser\/zeitumstellung-2015-auf-sommerzeit\/#breadcrumb\",\"itemListElement\":[{\"@type\":\"ListItem\",\"position\":1,\"name\":\"Home\",\"item\":\"https:\/\/www.kalender-uhrzeit.de\/blog\/\"},{\"@type\":\"ListItem\",\"position\":2,\"name\":\"Zeitumstellung 2015 \u2013 Sonntag beginnt die Sommerzeit\"}]},{\"@type\":\"WebSite\",\"@id\":\"https:\/\/www.kalender-uhrzeit.de\/blog\/#website\",\"url\":\"https:\/\/www.kalender-uhrzeit.de\/blog\/\",\"name\":\"KalUhrBlog\",\"description\":\"\",\"potentialAction\":[{\"@type\":\"SearchAction\",\"target\":{\"@type\":\"EntryPoint\",\"urlTemplate\":\"https:\/\/www.kalender-uhrzeit.de\/blog\/?s={search_term_string}\"},\"query-input\":\"required name=search_term_string\"}],\"inLanguage\":\"de\"},{\"@type\":\"Person\",\"@id\":\"https:\/\/www.kalender-uhrzeit.de\/blog\/#\/schema\/person\/e183927656d491565aa837f62e93e6a5\",\"name\":\"B K\",\"url\":\"https:\/\/www.kalender-uhrzeit.de\/blog\/author\/musicmonk\/\"}]}<\/script>\n<!-- \/ Yoast SEO plugin. -->","yoast_head_json":{"title":"Zeitumstellung 2015 auf Sommerzeit","description":"Die Uhren werden am Sonntag, den 29. M\u00e4rz 2015 von 2 Uhr nachts auf 3 Uhr nachts eine Stunde vorgestellt. Die Sommerzeit beginnt!","robots":{"index":"index","follow":"follow","max-snippet":"max-snippet:-1","max-image-preview":"max-image-preview:large","max-video-preview":"max-video-preview:-1"},"canonical":"https:\/\/www.kalender-uhrzeit.de\/blog\/zeitmesser\/zeitumstellung-2015-auf-sommerzeit\/","og_locale":"de_DE","og_type":"article","og_title":"Zeitumstellung 2015 auf Sommerzeit","og_description":"Die Uhren werden am Sonntag, den 29. M\u00e4rz 2015 von 2 Uhr nachts auf 3 Uhr nachts eine Stunde vorgestellt. Die Sommerzeit beginnt!","og_url":"https:\/\/www.kalender-uhrzeit.de\/blog\/zeitmesser\/zeitumstellung-2015-auf-sommerzeit\/","og_site_name":"KalUhrBlog","article_published_time":"2015-03-25T12:07:00+00:00","article_modified_time":"2018-06-20T10:50:13+00:00","og_image":[{"width":700,"height":370,"url":"https:\/\/www.kalender-uhrzeit.de\/blog\/wp-content\/uploads\/2015\/03\/zeitumstellung-2015-sommerzeit.png","type":"image\/png"}],"author":"B K","twitter_misc":{"Verfasst von":"B K","Gesch\u00e4tzte Lesezeit":"1\u00a0Minute"},"schema":{"@context":"https:\/\/schema.org","@graph":[{"@type":"WebPage","@id":"https:\/\/www.kalender-uhrzeit.de\/blog\/zeitmesser\/zeitumstellung-2015-auf-sommerzeit\/","url":"https:\/\/www.kalender-uhrzeit.de\/blog\/zeitmesser\/zeitumstellung-2015-auf-sommerzeit\/","name":"Zeitumstellung 2015 auf Sommerzeit","isPartOf":{"@id":"https:\/\/www.kalender-uhrzeit.de\/blog\/#website"},"datePublished":"2015-03-25T12:07:00+00:00","dateModified":"2018-06-20T10:50:13+00:00","author":{"@id":"https:\/\/www.kalender-uhrzeit.de\/blog\/#\/schema\/person\/e183927656d491565aa837f62e93e6a5"},"description":"Die Uhren werden am Sonntag, den 29. M\u00e4rz 2015 von 2 Uhr nachts auf 3 Uhr nachts eine Stunde vorgestellt. Die Sommerzeit beginnt!","breadcrumb":{"@id":"https:\/\/www.kalender-uhrzeit.de\/blog\/zeitmesser\/zeitumstellung-2015-auf-sommerzeit\/#breadcrumb"},"inLanguage":"de","potentialAction":[{"@type":"ReadAction","target":["https:\/\/www.kalender-uhrzeit.de\/blog\/zeitmesser\/zeitumstellung-2015-auf-sommerzeit\/"]}]},{"@type":"BreadcrumbList","@id":"https:\/\/www.kalender-uhrzeit.de\/blog\/zeitmesser\/zeitumstellung-2015-auf-sommerzeit\/#breadcrumb","itemListElement":[{"@type":"ListItem","position":1,"name":"Home","item":"https:\/\/www.kalender-uhrzeit.de\/blog\/"},{"@type":"ListItem","position":2,"name":"Zeitumstellung 2015 \u2013 Sonntag beginnt die Sommerzeit"}]},{"@type":"WebSite","@id":"https:\/\/www.kalender-uhrzeit.de\/blog\/#website","url":"https:\/\/www.kalender-uhrzeit.de\/blog\/","name":"KalUhrBlog","description":"","potentialAction":[{"@type":"SearchAction","target":{"@type":"EntryPoint","urlTemplate":"https:\/\/www.kalender-uhrzeit.de\/blog\/?s={search_term_string}"},"query-input":"required name=search_term_string"}],"inLanguage":"de"},{"@type":"Person","@id":"https:\/\/www.kalender-uhrzeit.de\/blog\/#\/schema\/person\/e183927656d491565aa837f62e93e6a5","name":"B K","url":"https:\/\/www.kalender-uhrzeit.de\/blog\/author\/musicmonk\/"}]}},"_links":{"self":[{"href":"https:\/\/www.kalender-uhrzeit.de\/blog\/wp-json\/wp\/v2\/posts\/722"}],"collection":[{"href":"https:\/\/www.kalender-uhrzeit.de\/blog\/wp-json\/wp\/v2\/posts"}],"about":[{"href":"https:\/\/www.kalender-uhrzeit.de\/blog\/wp-json\/wp\/v2\/types\/post"}],"author":[{"embeddable":true,"href":"https:\/\/www.kalender-uhrzeit.de\/blog\/wp-json\/wp\/v2\/users\/3"}],"replies":[{"embeddable":true,"href":"https:\/\/www.kalender-uhrzeit.de\/blog\/wp-json\/wp\/v2\/comments?post=722"}],"version-history":[{"count":5,"href":"https:\/\/www.kalender-uhrzeit.de\/blog\/wp-json\/wp\/v2\/posts\/722\/revisions"}],"predecessor-version":[{"id":2620,"href":"https:\/\/www.kalender-uhrzeit.de\/blog\/wp-json\/wp\/v2\/posts\/722\/revisions\/2620"}],"wp:featuredmedia":[{"embeddable":true,"href":"https:\/\/www.kalender-uhrzeit.de\/blog\/wp-json\/wp\/v2\/media\/726"}],"wp:attachment":[{"href":"https:\/\/www.kalender-uhrzeit.de\/blog\/wp-json\/wp\/v2\/media?parent=722"}],"wp:term":[{"taxonomy":"category","embeddable":true,"href":"https:\/\/www.kalender-uhrzeit.de\/blog\/wp-json\/wp\/v2\/categories?post=722"},{"taxonomy":"post_tag","embeddable":true,"href":"https:\/\/www.kalender-uhrzeit.de\/blog\/wp-json\/wp\/v2\/tags?post=722"}],"curies":[{"name":"wp","href":"https:\/\/api.w.org\/{rel}","templated":true}]}}