

{"id":292,"date":"2014-10-30T16:04:33","date_gmt":"2014-10-30T14:04:33","guid":{"rendered":"https:\/\/blog.kalender-uhrzeit.de\/?p=292"},"modified":"2018-06-20T14:12:44","modified_gmt":"2018-06-20T12:12:44","slug":"20-weltvegantag-am-1-november-2014","status":"publish","type":"post","link":"https:\/\/www.kalender-uhrzeit.de\/blog\/kulturzeit\/20-weltvegantag-am-1-november-2014\/","title":{"rendered":"20. Weltvegantag am 1. November 2014"},"content":{"rendered":"<strong>Seit 1994 wird j\u00e4hrlich am 1. November der \u201eWorld Vegan Day\u201c \u2013 der Weltvegantag begangen. In diesem Jahr feiert er sein 20-j\u00e4hriges Bestehen \u2013 und der Veganismus gewinnt immer mehr Anh\u00e4nger.<\/strong>\r\n\r\n<a href=\"\/blog\/wp-content\/uploads\/2014\/10\/veganer-sandwich.jpg\" data-rel=\"lightbox-image-0\" data-rl_title=\"\" data-rl_caption=\"\" title=\"\"><img decoding=\"async\" loading=\"lazy\" src=\"\/blog\/wp-content\/uploads\/2014\/10\/veganer-sandwich.jpg\" alt=\"Vegane Salattasche\" width=\"730\" height=\"486\" class=\"size-full wp-image-293\" srcset=\"https:\/\/www.kalender-uhrzeit.de\/blog\/wp-content\/uploads\/2014\/10\/veganer-sandwich.jpg 730w, https:\/\/www.kalender-uhrzeit.de\/blog\/wp-content\/uploads\/2014\/10\/veganer-sandwich-180x120.jpg 180w, https:\/\/www.kalender-uhrzeit.de\/blog\/wp-content\/uploads\/2014\/10\/veganer-sandwich-300x199.jpg 300w\" sizes=\"(max-width: 730px) 100vw, 730px\" \/><\/a><p class=\"wp-caption-text\">Immer mehr Deutsche leben vegan &#8211; ein Trend, den auch die Wirtschaft erkennt<\/p>\r\n\r\n<p class=\"underPic\">Gem\u00e4\u00df einer Erhebung von YouGov, einem Markt- und Meinungsforschungsinstituts, ern\u00e4hren sich derzeit 900.000 Menschen in Deutschland vegan \u2013 Tendenz steigend. Die Gr\u00fcnde daf\u00fcr sind verschieden: Vielen liegt der Tierschutz am Herzen, andere tun es f\u00fcr ihre Gesundheit und k\u00f6rperliche Fitness und wieder andere m\u00f6chten auf diese Weise einen aktiven Beitrag zum Umweltschutz leisten. Auch der Welthunger, der durch den hohen Fleischkonsum verursacht wird, kann ein Beweggrund sein.<\/p>\r\n\r\n<p>Auch wenn im vergangenen Jahr durchschnittlich nur zwei Prozent der deutschen Restaurant-Besucher bevorzugt vegane Gerichte bestellten, erkennt die Wirtschaft den Trend und reagiert auf die wachsende Nachfrage mit einem wachsenden \u201eVeggie-Angebot\u201c. W\u00e4hrend Starbucks beispielsweise ein veganes Men\u00fc ins Angebot aufnimmt, servieren die Wiesnwirte schon seit einigen Jahren zum Oktoberfest auch vegane Speisen. Auch der Buchhandel profitiert vom veganen Trend: 2011 gab es etwa 12 Neuver\u00f6ffentlichungen bei den veganen Kochb\u00fcchern \u2013 2014 sind es bereits jetzt schon 77.<\/p>","protected":false},"excerpt":{"rendered":"Seit 1994 wird j\u00e4hrlich am 1. November der \u201eWorld Vegan Day\u201c \u2013 der Weltvegantag begangen. In diesem Jahr feiert er sein 20-j\u00e4hriges Bestehen \u2013 und","protected":false},"author":3,"featured_media":293,"comment_status":"open","ping_status":"open","sticky":false,"template":"","format":"standard","meta":[],"categories":[6],"tags":[25,36,44,18],"yoast_head":"<!-- This site is optimized with the Yoast SEO plugin v20.12 - https:\/\/yoast.com\/wordpress\/plugins\/seo\/ -->\n<title>20. Weltvegantag am 1. November 2014<\/title>\n<meta name=\"description\" content=\"Der Weltvegantag feiert sein 20-j\u00e4hriges Bestehen - und der Veganismus boomt. Doch was steckt hinter diesem Trend und wie begeht Deutschland den Tag?\" \/>\n<meta name=\"robots\" content=\"index, follow, max-snippet:-1, max-image-preview:large, max-video-preview:-1\" \/>\n<link rel=\"canonical\" href=\"https:\/\/www.kalender-uhrzeit.de\/blog\/kulturzeit\/20-weltvegantag-am-1-november-2014\/\" \/>\n<meta property=\"og:locale\" content=\"de_DE\" \/>\n<meta property=\"og:type\" content=\"article\" \/>\n<meta property=\"og:title\" content=\"20. Weltvegantag am 1. November 2014\" \/>\n<meta property=\"og:description\" content=\"Der Weltvegantag feiert sein 20-j\u00e4hriges Bestehen - und der Veganismus boomt. Doch was steckt hinter diesem Trend und wie begeht Deutschland den Tag?\" \/>\n<meta property=\"og:url\" content=\"https:\/\/www.kalender-uhrzeit.de\/blog\/kulturzeit\/20-weltvegantag-am-1-november-2014\/\" \/>\n<meta property=\"og:site_name\" content=\"KalUhrBlog\" \/>\n<meta property=\"article:published_time\" content=\"2014-10-30T14:04:33+00:00\" \/>\n<meta property=\"article:modified_time\" content=\"2018-06-20T12:12:44+00:00\" \/>\n<meta property=\"og:image\" content=\"https:\/\/www.kalender-uhrzeit.de\/blog\/wp-content\/uploads\/2014\/10\/veganer-sandwich.jpg\" \/>\n\t<meta property=\"og:image:width\" content=\"730\" \/>\n\t<meta property=\"og:image:height\" content=\"486\" \/>\n\t<meta property=\"og:image:type\" content=\"image\/jpeg\" \/>\n<meta name=\"author\" content=\"B K\" \/>\n<meta name=\"twitter:label1\" content=\"Verfasst von\" \/>\n\t<meta name=\"twitter:data1\" content=\"B K\" \/>\n\t<meta name=\"twitter:label2\" content=\"Gesch\u00e4tzte Lesezeit\" \/>\n\t<meta name=\"twitter:data2\" content=\"1\u00a0Minute\" \/>\n<script type=\"application\/ld+json\" class=\"yoast-schema-graph\">{\"@context\":\"https:\/\/schema.org\",\"@graph\":[{\"@type\":\"WebPage\",\"@id\":\"https:\/\/www.kalender-uhrzeit.de\/blog\/kulturzeit\/20-weltvegantag-am-1-november-2014\/\",\"url\":\"https:\/\/www.kalender-uhrzeit.de\/blog\/kulturzeit\/20-weltvegantag-am-1-november-2014\/\",\"name\":\"20. Weltvegantag am 1. November 2014\",\"isPartOf\":{\"@id\":\"https:\/\/www.kalender-uhrzeit.de\/blog\/#website\"},\"datePublished\":\"2014-10-30T14:04:33+00:00\",\"dateModified\":\"2018-06-20T12:12:44+00:00\",\"author\":{\"@id\":\"https:\/\/www.kalender-uhrzeit.de\/blog\/#\/schema\/person\/e183927656d491565aa837f62e93e6a5\"},\"description\":\"Der Weltvegantag feiert sein 20-j\u00e4hriges Bestehen - und der Veganismus boomt. Doch was steckt hinter diesem Trend und wie begeht Deutschland den Tag?\",\"breadcrumb\":{\"@id\":\"https:\/\/www.kalender-uhrzeit.de\/blog\/kulturzeit\/20-weltvegantag-am-1-november-2014\/#breadcrumb\"},\"inLanguage\":\"de\",\"potentialAction\":[{\"@type\":\"ReadAction\",\"target\":[\"https:\/\/www.kalender-uhrzeit.de\/blog\/kulturzeit\/20-weltvegantag-am-1-november-2014\/\"]}]},{\"@type\":\"BreadcrumbList\",\"@id\":\"https:\/\/www.kalender-uhrzeit.de\/blog\/kulturzeit\/20-weltvegantag-am-1-november-2014\/#breadcrumb\",\"itemListElement\":[{\"@type\":\"ListItem\",\"position\":1,\"name\":\"Home\",\"item\":\"https:\/\/www.kalender-uhrzeit.de\/blog\/\"},{\"@type\":\"ListItem\",\"position\":2,\"name\":\"20. Weltvegantag am 1. November 2014\"}]},{\"@type\":\"WebSite\",\"@id\":\"https:\/\/www.kalender-uhrzeit.de\/blog\/#website\",\"url\":\"https:\/\/www.kalender-uhrzeit.de\/blog\/\",\"name\":\"KalUhrBlog\",\"description\":\"\",\"potentialAction\":[{\"@type\":\"SearchAction\",\"target\":{\"@type\":\"EntryPoint\",\"urlTemplate\":\"https:\/\/www.kalender-uhrzeit.de\/blog\/?s={search_term_string}\"},\"query-input\":\"required name=search_term_string\"}],\"inLanguage\":\"de\"},{\"@type\":\"Person\",\"@id\":\"https:\/\/www.kalender-uhrzeit.de\/blog\/#\/schema\/person\/e183927656d491565aa837f62e93e6a5\",\"name\":\"B K\",\"url\":\"https:\/\/www.kalender-uhrzeit.de\/blog\/author\/musicmonk\/\"}]}<\/script>\n<!-- \/ Yoast SEO plugin. -->","yoast_head_json":{"title":"20. Weltvegantag am 1. November 2014","description":"Der Weltvegantag feiert sein 20-j\u00e4hriges Bestehen - und der Veganismus boomt. Doch was steckt hinter diesem Trend und wie begeht Deutschland den Tag?","robots":{"index":"index","follow":"follow","max-snippet":"max-snippet:-1","max-image-preview":"max-image-preview:large","max-video-preview":"max-video-preview:-1"},"canonical":"https:\/\/www.kalender-uhrzeit.de\/blog\/kulturzeit\/20-weltvegantag-am-1-november-2014\/","og_locale":"de_DE","og_type":"article","og_title":"20. Weltvegantag am 1. November 2014","og_description":"Der Weltvegantag feiert sein 20-j\u00e4hriges Bestehen - und der Veganismus boomt. Doch was steckt hinter diesem Trend und wie begeht Deutschland den Tag?","og_url":"https:\/\/www.kalender-uhrzeit.de\/blog\/kulturzeit\/20-weltvegantag-am-1-november-2014\/","og_site_name":"KalUhrBlog","article_published_time":"2014-10-30T14:04:33+00:00","article_modified_time":"2018-06-20T12:12:44+00:00","og_image":[{"width":730,"height":486,"url":"https:\/\/www.kalender-uhrzeit.de\/blog\/wp-content\/uploads\/2014\/10\/veganer-sandwich.jpg","type":"image\/jpeg"}],"author":"B K","twitter_misc":{"Verfasst von":"B K","Gesch\u00e4tzte Lesezeit":"1\u00a0Minute"},"schema":{"@context":"https:\/\/schema.org","@graph":[{"@type":"WebPage","@id":"https:\/\/www.kalender-uhrzeit.de\/blog\/kulturzeit\/20-weltvegantag-am-1-november-2014\/","url":"https:\/\/www.kalender-uhrzeit.de\/blog\/kulturzeit\/20-weltvegantag-am-1-november-2014\/","name":"20. Weltvegantag am 1. November 2014","isPartOf":{"@id":"https:\/\/www.kalender-uhrzeit.de\/blog\/#website"},"datePublished":"2014-10-30T14:04:33+00:00","dateModified":"2018-06-20T12:12:44+00:00","author":{"@id":"https:\/\/www.kalender-uhrzeit.de\/blog\/#\/schema\/person\/e183927656d491565aa837f62e93e6a5"},"description":"Der Weltvegantag feiert sein 20-j\u00e4hriges Bestehen - und der Veganismus boomt. Doch was steckt hinter diesem Trend und wie begeht Deutschland den Tag?","breadcrumb":{"@id":"https:\/\/www.kalender-uhrzeit.de\/blog\/kulturzeit\/20-weltvegantag-am-1-november-2014\/#breadcrumb"},"inLanguage":"de","potentialAction":[{"@type":"ReadAction","target":["https:\/\/www.kalender-uhrzeit.de\/blog\/kulturzeit\/20-weltvegantag-am-1-november-2014\/"]}]},{"@type":"BreadcrumbList","@id":"https:\/\/www.kalender-uhrzeit.de\/blog\/kulturzeit\/20-weltvegantag-am-1-november-2014\/#breadcrumb","itemListElement":[{"@type":"ListItem","position":1,"name":"Home","item":"https:\/\/www.kalender-uhrzeit.de\/blog\/"},{"@type":"ListItem","position":2,"name":"20. Weltvegantag am 1. November 2014"}]},{"@type":"WebSite","@id":"https:\/\/www.kalender-uhrzeit.de\/blog\/#website","url":"https:\/\/www.kalender-uhrzeit.de\/blog\/","name":"KalUhrBlog","description":"","potentialAction":[{"@type":"SearchAction","target":{"@type":"EntryPoint","urlTemplate":"https:\/\/www.kalender-uhrzeit.de\/blog\/?s={search_term_string}"},"query-input":"required name=search_term_string"}],"inLanguage":"de"},{"@type":"Person","@id":"https:\/\/www.kalender-uhrzeit.de\/blog\/#\/schema\/person\/e183927656d491565aa837f62e93e6a5","name":"B K","url":"https:\/\/www.kalender-uhrzeit.de\/blog\/author\/musicmonk\/"}]}},"_links":{"self":[{"href":"https:\/\/www.kalender-uhrzeit.de\/blog\/wp-json\/wp\/v2\/posts\/292"}],"collection":[{"href":"https:\/\/www.kalender-uhrzeit.de\/blog\/wp-json\/wp\/v2\/posts"}],"about":[{"href":"https:\/\/www.kalender-uhrzeit.de\/blog\/wp-json\/wp\/v2\/types\/post"}],"author":[{"embeddable":true,"href":"https:\/\/www.kalender-uhrzeit.de\/blog\/wp-json\/wp\/v2\/users\/3"}],"replies":[{"embeddable":true,"href":"https:\/\/www.kalender-uhrzeit.de\/blog\/wp-json\/wp\/v2\/comments?post=292"}],"version-history":[{"count":5,"href":"https:\/\/www.kalender-uhrzeit.de\/blog\/wp-json\/wp\/v2\/posts\/292\/revisions"}],"predecessor-version":[{"id":2646,"href":"https:\/\/www.kalender-uhrzeit.de\/blog\/wp-json\/wp\/v2\/posts\/292\/revisions\/2646"}],"wp:featuredmedia":[{"embeddable":true,"href":"https:\/\/www.kalender-uhrzeit.de\/blog\/wp-json\/wp\/v2\/media\/293"}],"wp:attachment":[{"href":"https:\/\/www.kalender-uhrzeit.de\/blog\/wp-json\/wp\/v2\/media?parent=292"}],"wp:term":[{"taxonomy":"category","embeddable":true,"href":"https:\/\/www.kalender-uhrzeit.de\/blog\/wp-json\/wp\/v2\/categories?post=292"},{"taxonomy":"post_tag","embeddable":true,"href":"https:\/\/www.kalender-uhrzeit.de\/blog\/wp-json\/wp\/v2\/tags?post=292"}],"curies":[{"name":"wp","href":"https:\/\/api.w.org\/{rel}","templated":true}]}}