

{"id":248,"date":"2014-10-15T13:59:07","date_gmt":"2014-10-15T11:59:07","guid":{"rendered":"https:\/\/blog.kalender-uhrzeit.de\/?p=248"},"modified":"2018-06-20T14:14:50","modified_gmt":"2018-06-20T12:14:50","slug":"170-geburtstag-von-friedrich-nietzsche","status":"publish","type":"post","link":"https:\/\/www.kalender-uhrzeit.de\/blog\/zeitstrahl\/170-geburtstag-von-friedrich-nietzsche\/","title":{"rendered":"170. Geburtstag von Friedrich Nietzsche"},"content":{"rendered":"<p><strong>\u201eGott ist tot\u201c &#8211; ein Zitat, mit welchem der Philosoph und Religionskritiker Friedrich Nietzsche noch heute, 170 Jahre nach seiner Geburt am 15. Oktober 1844, bekannt ist. In seinem Gedenken finden interessante Ausstellungsprojekte statt.<\/strong><\/p>\r\n\r\n<a href=\"\/blog\/wp-content\/uploads\/2014\/10\/nietzsche-170-geburtstag1.png\" data-rel=\"lightbox-image-0\" data-rl_title=\"\" data-rl_caption=\"\" title=\"\"><img decoding=\"async\" loading=\"lazy\" src=\"\/blog\/wp-content\/uploads\/2014\/10\/nietzsche-170-geburtstag1.png\" alt=\"Portrait von Friedrich Nietzsche\" width=\"730\" height=\"560\" class=\"size-full wp-image-260\" srcset=\"https:\/\/www.kalender-uhrzeit.de\/blog\/wp-content\/uploads\/2014\/10\/nietzsche-170-geburtstag1.png 730w, https:\/\/www.kalender-uhrzeit.de\/blog\/wp-content\/uploads\/2014\/10\/nietzsche-170-geburtstag1-156x120.png 156w, https:\/\/www.kalender-uhrzeit.de\/blog\/wp-content\/uploads\/2014\/10\/nietzsche-170-geburtstag1-300x230.png 300w\" sizes=\"(max-width: 730px) 100vw, 730px\" \/><\/a><p class=\"wp-caption-text\">Am 15. Oktober 1844 wurde der deutsche Philosoph Friedrich Neitzsche geboren.<\/p>\r\n\r\n<h2>Wer war Friedrich Nietzsche?<\/h2>\r\n\r\n<p>Friedrich Wilhelm Nietzsche wurde am 15. Oktober 1844 in R\u00f6cken (Sachsen-Anhalt) geboren. Nachdem sein Vater, der lutheranische Pfarrer Carl Ludwig Nietzsche, und sein nur zwei Jahre alter Bruder verstarben, verzog die Familie nach Naumburg. Dort wuchs Nietzsche in einem Frauenhaushalt, zusammen mit seiner Schwester Elisabeth, seiner Mutter, zwei unverheirateten Tanten und einem Dienstm\u00e4dchen, auf.<\/p>\r\n\r\n<p>In der Schule fiel der junge Nietzsche bereits fr\u00fch durch seine herausragenden Leistungen, und insbesondere durch seine musische und sprachliche Begabung auf. Nietzsche dichtete, komponierte und entwickelte bereits fr\u00fch eigene, sich von der kleinb\u00fcrgerlich-christlichen Welt seiner Familie distanzierende Vorstellungen von Religion, Moral, Erkenntnistheorie und Metaphysik.<\/p>\r\n\r\n<p>Nach seinem Studium der klassischen Philologie an der Universit\u00e4t Bonn wurde er im Jahr 1869 noch vor dem Abschluss seiner Promotion zum Professor an der Hochschule in Basel ernannt. In dieser Zeit verfasste er einige seiner bedeutendsten Werke, darunter \u201eDie Geburt der Trag\u00f6die\u201c oder \u201eMenschliches, Allzumenschliches\u201c, bis ihn wiederkehrende Migr\u00e4neanf\u00e4lle, Magenst\u00f6rungen und eine starke Kurzsichtigkeit schon 1879 zur vorzeitigen Pensionierung zwangen.<\/p>\r\n\r\n<p>Auf der Suche nach f\u00fcr seinen Gesundheitszustand optimalen Klimabedingungen reiste Nietzsche in den Folgejahren viel umher, lebte als freier Philosoph in Genua, Rapallo, Nizza und Turin. Dort erlitt er 1889 einen geistigen Zusammenbruch.<\/p>\r\n\r\n<p>In seiner geistigen Umnachtung verfasste er kleine, von fortschreitendem Wahnsinn gezeichnete Schriftst\u00fccke an Freunde, woraufhin er von diesen zun\u00e4chst in eine Irrenanstalt in Basel, sp\u00e4ter von seiner Mutter in die Psychiatrische Universit\u00e4tsklinik in Jena gebracht wurde. Sein Verfall setzte soweit fort, dass er bald keine Gespr\u00e4che mehr f\u00fchren konnte, seine Freunde nicht mehr erkannte, an Wahnvorstellungen und Apathie litt und deshalb vereinsamte. Nach mehreren Schlaganf\u00e4llen verstarb Friedrich Nietzsche am 25. August 1900 an den Folgen einer Lungenentz\u00fcndung in Weimar.<\/p>\r\n\r\n<h2>Der ber\u00fchmteste Bart der Philosophie \u2013 Die Bedeutung der Werke Nietzsches<\/h2>\r\n\r\n<p>Die Werke Nietzsches schrieben durchweg Philosophiegeschichte. Das Interesse an seinen Schriften entwickelte sich allerdings erst nach dem Beginn seiner geistigen Umnachtung. Um die Jahrhundertwende kam nicht nur in Deutschland, sondern auch in Frankreich und Italien ein \u201eNietzsche-Kult\u201c auf, in welchem die Werke des Philosophen vor allem im Zusammenhang mit dem aufkommenden Kulturpessimismus gelesen wurden.<\/p>\r\n\r\n<p>Aufgrund seines wohl bekanntesten Werkes \u201eAlso sprach Zarathrustra\u201c, in welchem Nietzsche auf Grundlage der Selektionstheorie Charles Darwins und der Willensmetaphysik Arthur Schopenhauers seine Philosophie des \u201e\u00dcbermenschen\u201c entwickelte und seine Kritik am Christentum und der b\u00fcrgerlichen Moral er\u00f6rterte, galt dieser auch noch nach dem Zweiten Weltkrieg lange Zeit als \u201eNazi-Philosoph\u201c.<\/p>\r\n\r\n<p>Diese Rezeption \u00e4nderte sich erst wieder in den 1970er Jahren, in denen die geistes- und sozialwissenschaftlichen Str\u00f6mungen des Poststrukturalismus und der Dekonstruktion eine neue Welle der Interpretationen der Nietzsche-Werke ausl\u00f6ste.<\/p>","protected":false},"excerpt":{"rendered":"\u201eGott ist tot\u201c &#8211; ein Zitat, mit welchem der Philosoph und Religionskritiker Friedrich Nietzsche noch heute, 170 Jahre nach seiner Geburt am 15. Oktober 1844,","protected":false},"author":4,"featured_media":260,"comment_status":"open","ping_status":"open","sticky":false,"template":"","format":"standard","meta":[],"categories":[11],"tags":[25,14,28,18],"yoast_head":"<!-- This site is optimized with the Yoast SEO plugin v20.12 - https:\/\/yoast.com\/wordpress\/plugins\/seo\/ -->\n<title>170. Geburtstag von Friedrich Nietzsche<\/title>\n<meta name=\"description\" content=\"Am 15. Oktober ist der 170. Geburtstag von Friedrich Nietzsche. In Gedenken an den Philosophen und seine Werke finden diverse Veranstaltungen statt.\" \/>\n<meta name=\"robots\" content=\"index, follow, max-snippet:-1, max-image-preview:large, max-video-preview:-1\" \/>\n<link rel=\"canonical\" href=\"https:\/\/www.kalender-uhrzeit.de\/blog\/zeitstrahl\/170-geburtstag-von-friedrich-nietzsche\/\" \/>\n<meta property=\"og:locale\" content=\"de_DE\" \/>\n<meta property=\"og:type\" content=\"article\" \/>\n<meta property=\"og:title\" content=\"170. Geburtstag von Friedrich Nietzsche\" \/>\n<meta property=\"og:description\" content=\"Am 15. Oktober ist der 170. Geburtstag von Friedrich Nietzsche. In Gedenken an den Philosophen und seine Werke finden diverse Veranstaltungen statt.\" \/>\n<meta property=\"og:url\" content=\"https:\/\/www.kalender-uhrzeit.de\/blog\/zeitstrahl\/170-geburtstag-von-friedrich-nietzsche\/\" \/>\n<meta property=\"og:site_name\" content=\"KalUhrBlog\" \/>\n<meta property=\"article:published_time\" content=\"2014-10-15T11:59:07+00:00\" \/>\n<meta property=\"article:modified_time\" content=\"2018-06-20T12:14:50+00:00\" \/>\n<meta property=\"og:image\" content=\"https:\/\/www.kalender-uhrzeit.de\/blog\/wp-content\/uploads\/2014\/10\/nietzsche-170-geburtstag1.png\" \/>\n\t<meta property=\"og:image:width\" content=\"730\" \/>\n\t<meta property=\"og:image:height\" content=\"560\" \/>\n\t<meta property=\"og:image:type\" content=\"image\/png\" \/>\n<meta name=\"author\" content=\"A S\" \/>\n<meta name=\"twitter:label1\" content=\"Verfasst von\" \/>\n\t<meta name=\"twitter:data1\" content=\"A S\" \/>\n\t<meta name=\"twitter:label2\" content=\"Gesch\u00e4tzte Lesezeit\" \/>\n\t<meta name=\"twitter:data2\" content=\"2\u00a0Minuten\" \/>\n<script type=\"application\/ld+json\" class=\"yoast-schema-graph\">{\"@context\":\"https:\/\/schema.org\",\"@graph\":[{\"@type\":\"WebPage\",\"@id\":\"https:\/\/www.kalender-uhrzeit.de\/blog\/zeitstrahl\/170-geburtstag-von-friedrich-nietzsche\/\",\"url\":\"https:\/\/www.kalender-uhrzeit.de\/blog\/zeitstrahl\/170-geburtstag-von-friedrich-nietzsche\/\",\"name\":\"170. Geburtstag von Friedrich Nietzsche\",\"isPartOf\":{\"@id\":\"https:\/\/www.kalender-uhrzeit.de\/blog\/#website\"},\"datePublished\":\"2014-10-15T11:59:07+00:00\",\"dateModified\":\"2018-06-20T12:14:50+00:00\",\"author\":{\"@id\":\"https:\/\/www.kalender-uhrzeit.de\/blog\/#\/schema\/person\/262debbf32c84db0c5feb51014c8af95\"},\"description\":\"Am 15. Oktober ist der 170. Geburtstag von Friedrich Nietzsche. In Gedenken an den Philosophen und seine Werke finden diverse Veranstaltungen statt.\",\"breadcrumb\":{\"@id\":\"https:\/\/www.kalender-uhrzeit.de\/blog\/zeitstrahl\/170-geburtstag-von-friedrich-nietzsche\/#breadcrumb\"},\"inLanguage\":\"de\",\"potentialAction\":[{\"@type\":\"ReadAction\",\"target\":[\"https:\/\/www.kalender-uhrzeit.de\/blog\/zeitstrahl\/170-geburtstag-von-friedrich-nietzsche\/\"]}]},{\"@type\":\"BreadcrumbList\",\"@id\":\"https:\/\/www.kalender-uhrzeit.de\/blog\/zeitstrahl\/170-geburtstag-von-friedrich-nietzsche\/#breadcrumb\",\"itemListElement\":[{\"@type\":\"ListItem\",\"position\":1,\"name\":\"Home\",\"item\":\"https:\/\/www.kalender-uhrzeit.de\/blog\/\"},{\"@type\":\"ListItem\",\"position\":2,\"name\":\"170. Geburtstag von Friedrich Nietzsche\"}]},{\"@type\":\"WebSite\",\"@id\":\"https:\/\/www.kalender-uhrzeit.de\/blog\/#website\",\"url\":\"https:\/\/www.kalender-uhrzeit.de\/blog\/\",\"name\":\"KalUhrBlog\",\"description\":\"\",\"potentialAction\":[{\"@type\":\"SearchAction\",\"target\":{\"@type\":\"EntryPoint\",\"urlTemplate\":\"https:\/\/www.kalender-uhrzeit.de\/blog\/?s={search_term_string}\"},\"query-input\":\"required name=search_term_string\"}],\"inLanguage\":\"de\"},{\"@type\":\"Person\",\"@id\":\"https:\/\/www.kalender-uhrzeit.de\/blog\/#\/schema\/person\/262debbf32c84db0c5feb51014c8af95\",\"name\":\"A S\",\"url\":\"https:\/\/www.kalender-uhrzeit.de\/blog\/author\/anna\/\"}]}<\/script>\n<!-- \/ Yoast SEO plugin. -->","yoast_head_json":{"title":"170. Geburtstag von Friedrich Nietzsche","description":"Am 15. Oktober ist der 170. Geburtstag von Friedrich Nietzsche. In Gedenken an den Philosophen und seine Werke finden diverse Veranstaltungen statt.","robots":{"index":"index","follow":"follow","max-snippet":"max-snippet:-1","max-image-preview":"max-image-preview:large","max-video-preview":"max-video-preview:-1"},"canonical":"https:\/\/www.kalender-uhrzeit.de\/blog\/zeitstrahl\/170-geburtstag-von-friedrich-nietzsche\/","og_locale":"de_DE","og_type":"article","og_title":"170. Geburtstag von Friedrich Nietzsche","og_description":"Am 15. Oktober ist der 170. Geburtstag von Friedrich Nietzsche. In Gedenken an den Philosophen und seine Werke finden diverse Veranstaltungen statt.","og_url":"https:\/\/www.kalender-uhrzeit.de\/blog\/zeitstrahl\/170-geburtstag-von-friedrich-nietzsche\/","og_site_name":"KalUhrBlog","article_published_time":"2014-10-15T11:59:07+00:00","article_modified_time":"2018-06-20T12:14:50+00:00","og_image":[{"width":730,"height":560,"url":"https:\/\/www.kalender-uhrzeit.de\/blog\/wp-content\/uploads\/2014\/10\/nietzsche-170-geburtstag1.png","type":"image\/png"}],"author":"A S","twitter_misc":{"Verfasst von":"A S","Gesch\u00e4tzte Lesezeit":"2\u00a0Minuten"},"schema":{"@context":"https:\/\/schema.org","@graph":[{"@type":"WebPage","@id":"https:\/\/www.kalender-uhrzeit.de\/blog\/zeitstrahl\/170-geburtstag-von-friedrich-nietzsche\/","url":"https:\/\/www.kalender-uhrzeit.de\/blog\/zeitstrahl\/170-geburtstag-von-friedrich-nietzsche\/","name":"170. Geburtstag von Friedrich Nietzsche","isPartOf":{"@id":"https:\/\/www.kalender-uhrzeit.de\/blog\/#website"},"datePublished":"2014-10-15T11:59:07+00:00","dateModified":"2018-06-20T12:14:50+00:00","author":{"@id":"https:\/\/www.kalender-uhrzeit.de\/blog\/#\/schema\/person\/262debbf32c84db0c5feb51014c8af95"},"description":"Am 15. Oktober ist der 170. Geburtstag von Friedrich Nietzsche. In Gedenken an den Philosophen und seine Werke finden diverse Veranstaltungen statt.","breadcrumb":{"@id":"https:\/\/www.kalender-uhrzeit.de\/blog\/zeitstrahl\/170-geburtstag-von-friedrich-nietzsche\/#breadcrumb"},"inLanguage":"de","potentialAction":[{"@type":"ReadAction","target":["https:\/\/www.kalender-uhrzeit.de\/blog\/zeitstrahl\/170-geburtstag-von-friedrich-nietzsche\/"]}]},{"@type":"BreadcrumbList","@id":"https:\/\/www.kalender-uhrzeit.de\/blog\/zeitstrahl\/170-geburtstag-von-friedrich-nietzsche\/#breadcrumb","itemListElement":[{"@type":"ListItem","position":1,"name":"Home","item":"https:\/\/www.kalender-uhrzeit.de\/blog\/"},{"@type":"ListItem","position":2,"name":"170. Geburtstag von Friedrich Nietzsche"}]},{"@type":"WebSite","@id":"https:\/\/www.kalender-uhrzeit.de\/blog\/#website","url":"https:\/\/www.kalender-uhrzeit.de\/blog\/","name":"KalUhrBlog","description":"","potentialAction":[{"@type":"SearchAction","target":{"@type":"EntryPoint","urlTemplate":"https:\/\/www.kalender-uhrzeit.de\/blog\/?s={search_term_string}"},"query-input":"required name=search_term_string"}],"inLanguage":"de"},{"@type":"Person","@id":"https:\/\/www.kalender-uhrzeit.de\/blog\/#\/schema\/person\/262debbf32c84db0c5feb51014c8af95","name":"A S","url":"https:\/\/www.kalender-uhrzeit.de\/blog\/author\/anna\/"}]}},"_links":{"self":[{"href":"https:\/\/www.kalender-uhrzeit.de\/blog\/wp-json\/wp\/v2\/posts\/248"}],"collection":[{"href":"https:\/\/www.kalender-uhrzeit.de\/blog\/wp-json\/wp\/v2\/posts"}],"about":[{"href":"https:\/\/www.kalender-uhrzeit.de\/blog\/wp-json\/wp\/v2\/types\/post"}],"author":[{"embeddable":true,"href":"https:\/\/www.kalender-uhrzeit.de\/blog\/wp-json\/wp\/v2\/users\/4"}],"replies":[{"embeddable":true,"href":"https:\/\/www.kalender-uhrzeit.de\/blog\/wp-json\/wp\/v2\/comments?post=248"}],"version-history":[{"count":11,"href":"https:\/\/www.kalender-uhrzeit.de\/blog\/wp-json\/wp\/v2\/posts\/248\/revisions"}],"predecessor-version":[{"id":2650,"href":"https:\/\/www.kalender-uhrzeit.de\/blog\/wp-json\/wp\/v2\/posts\/248\/revisions\/2650"}],"wp:featuredmedia":[{"embeddable":true,"href":"https:\/\/www.kalender-uhrzeit.de\/blog\/wp-json\/wp\/v2\/media\/260"}],"wp:attachment":[{"href":"https:\/\/www.kalender-uhrzeit.de\/blog\/wp-json\/wp\/v2\/media?parent=248"}],"wp:term":[{"taxonomy":"category","embeddable":true,"href":"https:\/\/www.kalender-uhrzeit.de\/blog\/wp-json\/wp\/v2\/categories?post=248"},{"taxonomy":"post_tag","embeddable":true,"href":"https:\/\/www.kalender-uhrzeit.de\/blog\/wp-json\/wp\/v2\/tags?post=248"}],"curies":[{"name":"wp","href":"https:\/\/api.w.org\/{rel}","templated":true}]}}