

{"id":2231,"date":"2018-01-15T19:17:29","date_gmt":"2018-01-15T17:17:29","guid":{"rendered":"https:\/\/www.kalender-uhrzeit.de\/blog\/?p=2231"},"modified":"2018-06-20T11:58:51","modified_gmt":"2018-06-20T09:58:51","slug":"brueckentage-2018","status":"publish","type":"post","link":"https:\/\/www.kalender-uhrzeit.de\/blog\/zeitmesser\/brueckentage-2018\/","title":{"rendered":"Br\u00fcckentage 2018"},"content":{"rendered":"<p><strong>Das <a href=\"\/kalender-2018\" title=\"Kalender 2018\" target=\"_blank\">Kalenderjahr 2018<\/a> h\u00e4lt f\u00fcr uns f\u00fcnf Br\u00fcckentage und drei lange Wochenenden bereit. Wer diese bei der Urlaubsplanung ber\u00fccksichtigt, kann geschickt seinen Jahresurlaub verl\u00e4ngern.<\/strong><\/p>\r\n\r\n<a href=\"\/blog\/wp-content\/uploads\/2018\/01\/brueckentage-2018.png\" data-rel=\"lightbox-image-0\" data-rl_title=\"\" data-rl_caption=\"\" title=\"\"><img decoding=\"async\" loading=\"lazy\" src=\"\/blog\/wp-content\/uploads\/2018\/01\/brueckentage-2018.png\" alt=\"Br\u00fcckentage 2018 und lange Wochenenden im Kalender\" width=\"740\" height=\"694\"\/><\/a><p class=\"wp-caption-text\">F\u00fcnf Br\u00fcckentage 2018 und drei lange Wochenenden<\/p>\r\n\r\n<h2>Br\u00fcckentage 2018 in der ersten Jahresh\u00e4lfte<\/h2>\r\n\r\n<p>Der erste Br\u00fcckentag 2018 bietet sich im <strong>April<\/strong>. Da der Tag der Arbeit am 1. Mai auf einen Dienstag f\u00e4llt, wird der 30. April zum Br\u00fcckentag und sorgt f\u00fcr vier freie Tage am St\u00fcck.<\/p>\r\n\r\n<p>Und schon in der Woche darauf liefert Christi Himmelfahrt (am 10. <strong>Mai<\/strong> und wie immer ein Donnerstag) die n\u00e4chste Gelegenheit f\u00fcr einen Br\u00fcckentag. Wer also beide Br\u00fcckentage nutzt sowie die dazwischen liegenden Tage frei nimmt, profitiert von 16 freien Tagen am St\u00fcck &#8211; bei einem Einsatz von nur acht Urlaubstagen.<\/p>\r\n\r\n<p>Schlie\u00dflich wartet auf die Einwohner von Baden-W\u00fcrttemberg, Bayern, Hessen, NRW, Rheinland-Pfalz und dem Saarland dank Fronleichnam am 31. Mai kurz darauf noch ein dritter Br\u00fcckentag. Wer hier den 1. Juni frei nimmt, schl\u00e4gt auch hier eine Br\u00fccke zum Wochenende.<\/p>\r\n\r\n<h2>Br\u00fcckentage 2018 in der zweiten Jahresh\u00e4lfte<\/h2>\r\n\r\n<p>F\u00fcr die zweite Jahresh\u00e4lfte bleiben dann noch zwei weitere Br\u00fcckentage \u00fcbrig, allerdings nicht bundesweit. Allerheiligen sorgt nur in Baden-W\u00fcrttemberg, Bayern, NRW, Rheinland-Pfalz und dem Saarland f\u00fcr einen Br\u00fcckentag am 2. <strong>November<\/strong> (Freitag).<\/p>\r\n\r\n<p>Doch <strong>Weihnachten<\/strong> beschert uns dann allen noch einmal einen Br\u00fcckentag und sorgt somit f\u00fcr ein wunderbar langes Wochenende: Wer den 24. Dezember frei nimmt, darf sich \u00fcber f\u00fcnf freie Tage am St\u00fcck freuen, da Weihnachten 2018 auf einen Dienstag und Mittwoch f\u00e4llt.<\/p>\r\n\r\n<h2>Lange Wochenenden 2018<\/h2>\r\n\r\n<p>Das Jahr 2018 startet gleich ganz gem\u00fctlich mit einem langen Wochenende, da Neujahr 2018 auf einen Montag f\u00e4llt.<\/p>\r\n\r\n<p>Danach folgt das gewohnt lange Osterwochenende vom 30. M\u00e4rz bis zum 2. April und das Pfingstwochenende vom 19. bis 21. Mai.<\/p>","protected":false},"excerpt":{"rendered":"Das Kalenderjahr 2018 h\u00e4lt f\u00fcr uns f\u00fcnf Br\u00fcckentage und drei lange Wochenenden bereit. Wer diese bei der Urlaubsplanung ber\u00fccksichtigt, kann geschickt seinen Jahresurlaub verl\u00e4ngern. F\u00fcnf","protected":false},"author":3,"featured_media":2244,"comment_status":"open","ping_status":"open","sticky":false,"template":"","format":"standard","meta":[],"categories":[9],"tags":[90,62,21],"yoast_head":"<!-- This site is optimized with the Yoast SEO plugin v20.12 - https:\/\/yoast.com\/wordpress\/plugins\/seo\/ -->\n<title>Br\u00fcckentage 2018 und lange Wochenenden<\/title>\n<meta name=\"description\" content=\"Das Kalenderjahr bietet f\u00fcnf Br\u00fcckentage 2018 und drei lange Wochenenden! Wer diese bei der Urlaubsplanung clever einsetzt, hat mehr von seinem Jahresurlaub!\" \/>\n<meta name=\"robots\" content=\"index, follow, max-snippet:-1, max-image-preview:large, max-video-preview:-1\" \/>\n<link rel=\"canonical\" href=\"https:\/\/www.kalender-uhrzeit.de\/blog\/zeitmesser\/brueckentage-2018\/\" \/>\n<meta property=\"og:locale\" content=\"de_DE\" \/>\n<meta property=\"og:type\" content=\"article\" \/>\n<meta property=\"og:title\" content=\"Br\u00fcckentage 2018 und lange Wochenenden\" \/>\n<meta property=\"og:description\" content=\"Das Kalenderjahr bietet f\u00fcnf Br\u00fcckentage 2018 und drei lange Wochenenden! Wer diese bei der Urlaubsplanung clever einsetzt, hat mehr von seinem Jahresurlaub!\" \/>\n<meta property=\"og:url\" content=\"https:\/\/www.kalender-uhrzeit.de\/blog\/zeitmesser\/brueckentage-2018\/\" \/>\n<meta property=\"og:site_name\" content=\"KalUhrBlog\" \/>\n<meta property=\"article:published_time\" content=\"2018-01-15T17:17:29+00:00\" \/>\n<meta property=\"article:modified_time\" content=\"2018-06-20T09:58:51+00:00\" \/>\n<meta property=\"og:image\" content=\"https:\/\/www.kalender-uhrzeit.de\/blog\/wp-content\/uploads\/2018\/01\/brueckentage-20181.png\" \/>\n\t<meta property=\"og:image:width\" content=\"740\" \/>\n\t<meta property=\"og:image:height\" content=\"694\" \/>\n\t<meta property=\"og:image:type\" content=\"image\/png\" \/>\n<meta name=\"author\" content=\"B K\" \/>\n<meta name=\"twitter:label1\" content=\"Verfasst von\" \/>\n\t<meta name=\"twitter:data1\" content=\"B K\" \/>\n\t<meta name=\"twitter:label2\" content=\"Gesch\u00e4tzte Lesezeit\" \/>\n\t<meta name=\"twitter:data2\" content=\"2\u00a0Minuten\" \/>\n<script type=\"application\/ld+json\" class=\"yoast-schema-graph\">{\"@context\":\"https:\/\/schema.org\",\"@graph\":[{\"@type\":\"WebPage\",\"@id\":\"https:\/\/www.kalender-uhrzeit.de\/blog\/zeitmesser\/brueckentage-2018\/\",\"url\":\"https:\/\/www.kalender-uhrzeit.de\/blog\/zeitmesser\/brueckentage-2018\/\",\"name\":\"Br\u00fcckentage 2018 und lange Wochenenden\",\"isPartOf\":{\"@id\":\"https:\/\/www.kalender-uhrzeit.de\/blog\/#website\"},\"datePublished\":\"2018-01-15T17:17:29+00:00\",\"dateModified\":\"2018-06-20T09:58:51+00:00\",\"author\":{\"@id\":\"https:\/\/www.kalender-uhrzeit.de\/blog\/#\/schema\/person\/e183927656d491565aa837f62e93e6a5\"},\"description\":\"Das Kalenderjahr bietet f\u00fcnf Br\u00fcckentage 2018 und drei lange Wochenenden! Wer diese bei der Urlaubsplanung clever einsetzt, hat mehr von seinem Jahresurlaub!\",\"breadcrumb\":{\"@id\":\"https:\/\/www.kalender-uhrzeit.de\/blog\/zeitmesser\/brueckentage-2018\/#breadcrumb\"},\"inLanguage\":\"de\",\"potentialAction\":[{\"@type\":\"ReadAction\",\"target\":[\"https:\/\/www.kalender-uhrzeit.de\/blog\/zeitmesser\/brueckentage-2018\/\"]}]},{\"@type\":\"BreadcrumbList\",\"@id\":\"https:\/\/www.kalender-uhrzeit.de\/blog\/zeitmesser\/brueckentage-2018\/#breadcrumb\",\"itemListElement\":[{\"@type\":\"ListItem\",\"position\":1,\"name\":\"Home\",\"item\":\"https:\/\/www.kalender-uhrzeit.de\/blog\/\"},{\"@type\":\"ListItem\",\"position\":2,\"name\":\"Br\u00fcckentage 2018\"}]},{\"@type\":\"WebSite\",\"@id\":\"https:\/\/www.kalender-uhrzeit.de\/blog\/#website\",\"url\":\"https:\/\/www.kalender-uhrzeit.de\/blog\/\",\"name\":\"KalUhrBlog\",\"description\":\"\",\"potentialAction\":[{\"@type\":\"SearchAction\",\"target\":{\"@type\":\"EntryPoint\",\"urlTemplate\":\"https:\/\/www.kalender-uhrzeit.de\/blog\/?s={search_term_string}\"},\"query-input\":\"required name=search_term_string\"}],\"inLanguage\":\"de\"},{\"@type\":\"Person\",\"@id\":\"https:\/\/www.kalender-uhrzeit.de\/blog\/#\/schema\/person\/e183927656d491565aa837f62e93e6a5\",\"name\":\"B K\",\"url\":\"https:\/\/www.kalender-uhrzeit.de\/blog\/author\/musicmonk\/\"}]}<\/script>\n<!-- \/ Yoast SEO plugin. -->","yoast_head_json":{"title":"Br\u00fcckentage 2018 und lange Wochenenden","description":"Das Kalenderjahr bietet f\u00fcnf Br\u00fcckentage 2018 und drei lange Wochenenden! Wer diese bei der Urlaubsplanung clever einsetzt, hat mehr von seinem Jahresurlaub!","robots":{"index":"index","follow":"follow","max-snippet":"max-snippet:-1","max-image-preview":"max-image-preview:large","max-video-preview":"max-video-preview:-1"},"canonical":"https:\/\/www.kalender-uhrzeit.de\/blog\/zeitmesser\/brueckentage-2018\/","og_locale":"de_DE","og_type":"article","og_title":"Br\u00fcckentage 2018 und lange Wochenenden","og_description":"Das Kalenderjahr bietet f\u00fcnf Br\u00fcckentage 2018 und drei lange Wochenenden! Wer diese bei der Urlaubsplanung clever einsetzt, hat mehr von seinem Jahresurlaub!","og_url":"https:\/\/www.kalender-uhrzeit.de\/blog\/zeitmesser\/brueckentage-2018\/","og_site_name":"KalUhrBlog","article_published_time":"2018-01-15T17:17:29+00:00","article_modified_time":"2018-06-20T09:58:51+00:00","og_image":[{"width":740,"height":694,"url":"https:\/\/www.kalender-uhrzeit.de\/blog\/wp-content\/uploads\/2018\/01\/brueckentage-20181.png","type":"image\/png"}],"author":"B K","twitter_misc":{"Verfasst von":"B K","Gesch\u00e4tzte Lesezeit":"2\u00a0Minuten"},"schema":{"@context":"https:\/\/schema.org","@graph":[{"@type":"WebPage","@id":"https:\/\/www.kalender-uhrzeit.de\/blog\/zeitmesser\/brueckentage-2018\/","url":"https:\/\/www.kalender-uhrzeit.de\/blog\/zeitmesser\/brueckentage-2018\/","name":"Br\u00fcckentage 2018 und lange Wochenenden","isPartOf":{"@id":"https:\/\/www.kalender-uhrzeit.de\/blog\/#website"},"datePublished":"2018-01-15T17:17:29+00:00","dateModified":"2018-06-20T09:58:51+00:00","author":{"@id":"https:\/\/www.kalender-uhrzeit.de\/blog\/#\/schema\/person\/e183927656d491565aa837f62e93e6a5"},"description":"Das Kalenderjahr bietet f\u00fcnf Br\u00fcckentage 2018 und drei lange Wochenenden! Wer diese bei der Urlaubsplanung clever einsetzt, hat mehr von seinem Jahresurlaub!","breadcrumb":{"@id":"https:\/\/www.kalender-uhrzeit.de\/blog\/zeitmesser\/brueckentage-2018\/#breadcrumb"},"inLanguage":"de","potentialAction":[{"@type":"ReadAction","target":["https:\/\/www.kalender-uhrzeit.de\/blog\/zeitmesser\/brueckentage-2018\/"]}]},{"@type":"BreadcrumbList","@id":"https:\/\/www.kalender-uhrzeit.de\/blog\/zeitmesser\/brueckentage-2018\/#breadcrumb","itemListElement":[{"@type":"ListItem","position":1,"name":"Home","item":"https:\/\/www.kalender-uhrzeit.de\/blog\/"},{"@type":"ListItem","position":2,"name":"Br\u00fcckentage 2018"}]},{"@type":"WebSite","@id":"https:\/\/www.kalender-uhrzeit.de\/blog\/#website","url":"https:\/\/www.kalender-uhrzeit.de\/blog\/","name":"KalUhrBlog","description":"","potentialAction":[{"@type":"SearchAction","target":{"@type":"EntryPoint","urlTemplate":"https:\/\/www.kalender-uhrzeit.de\/blog\/?s={search_term_string}"},"query-input":"required name=search_term_string"}],"inLanguage":"de"},{"@type":"Person","@id":"https:\/\/www.kalender-uhrzeit.de\/blog\/#\/schema\/person\/e183927656d491565aa837f62e93e6a5","name":"B K","url":"https:\/\/www.kalender-uhrzeit.de\/blog\/author\/musicmonk\/"}]}},"_links":{"self":[{"href":"https:\/\/www.kalender-uhrzeit.de\/blog\/wp-json\/wp\/v2\/posts\/2231"}],"collection":[{"href":"https:\/\/www.kalender-uhrzeit.de\/blog\/wp-json\/wp\/v2\/posts"}],"about":[{"href":"https:\/\/www.kalender-uhrzeit.de\/blog\/wp-json\/wp\/v2\/types\/post"}],"author":[{"embeddable":true,"href":"https:\/\/www.kalender-uhrzeit.de\/blog\/wp-json\/wp\/v2\/users\/3"}],"replies":[{"embeddable":true,"href":"https:\/\/www.kalender-uhrzeit.de\/blog\/wp-json\/wp\/v2\/comments?post=2231"}],"version-history":[{"count":8,"href":"https:\/\/www.kalender-uhrzeit.de\/blog\/wp-json\/wp\/v2\/posts\/2231\/revisions"}],"predecessor-version":[{"id":2394,"href":"https:\/\/www.kalender-uhrzeit.de\/blog\/wp-json\/wp\/v2\/posts\/2231\/revisions\/2394"}],"wp:featuredmedia":[{"embeddable":true,"href":"https:\/\/www.kalender-uhrzeit.de\/blog\/wp-json\/wp\/v2\/media\/2244"}],"wp:attachment":[{"href":"https:\/\/www.kalender-uhrzeit.de\/blog\/wp-json\/wp\/v2\/media?parent=2231"}],"wp:term":[{"taxonomy":"category","embeddable":true,"href":"https:\/\/www.kalender-uhrzeit.de\/blog\/wp-json\/wp\/v2\/categories?post=2231"},{"taxonomy":"post_tag","embeddable":true,"href":"https:\/\/www.kalender-uhrzeit.de\/blog\/wp-json\/wp\/v2\/tags?post=2231"}],"curies":[{"name":"wp","href":"https:\/\/api.w.org\/{rel}","templated":true}]}}