

{"id":1859,"date":"2016-10-04T16:25:21","date_gmt":"2016-10-04T14:25:21","guid":{"rendered":"https:\/\/www.kalender-uhrzeit.de\/blog\/?p=1859"},"modified":"2018-06-20T12:10:33","modified_gmt":"2018-06-20T10:10:33","slug":"brueckentage-2017","status":"publish","type":"post","link":"https:\/\/www.kalender-uhrzeit.de\/blog\/zeitmesser\/brueckentage-2017\/","title":{"rendered":"Br\u00fcckentage 2017"},"content":{"rendered":"<p><strong>Das <a href=\"\/kalender-2017\" title=\"Kalender 2017\" target=\"_blank\">Kalenderjahr 2017<\/a> bietet ganze f\u00fcnf Br\u00fcckentage und f\u00fcnf lange Wochenenden, die darauf warten, von Arbeitnehmern clever genutzt zu werden. Einer der Br\u00fcckentage 2017 entsteht aufgrund des Reformationstages, der 2017 einmalig in der ganzen Bundesrepublik als gesetzlicher Feiertag begangen wird.<\/strong><\/p>\r\n\r\n<a href=\"\/blog\/wp-content\/uploads\/2016\/09\/brueckentage-2017.png\" data-rel=\"lightbox-image-0\" data-rl_title=\"\" data-rl_caption=\"\" title=\"\"><img decoding=\"async\" loading=\"lazy\" src=\"\/blog\/wp-content\/uploads\/2016\/09\/brueckentage-2017.png\" alt=\"Br\u00fcckentage 2017 im Kalender\" width=\"920\" height=\"800\"\/><\/a><p class=\"wp-caption-text\">Br\u00fcckentage 2017 und lange Wochenenden im Kalender<\/p>\r\n\r\n<h2>Br\u00fcckentage 2017 in der ersten Jahresh\u00e4lfte<\/h2>\r\n\r\n<p>Wie immer f\u00e4llt <strong>Christi Himmelfahrt<\/strong> auf einen Donnerstag &#8211; 2017 ist es der 25. Mai &#8211; und sorgt somit f\u00fcr einen Br\u00fcckentag am darauffolgenden Freitag. Und auch der <strong>Fronleichnam<\/strong> ist zumindest f\u00fcr die Bundesl\u00e4nder Baden-W\u00fcrttemberg, Bayern, Hessen, NRW, Rheinland-Pfalz und das Saarland ein Br\u00fcckentagsgarant &#8211; 2017 wird er am 15. Juni begangen, was den 16. Juni zum Br\u00fcckentag macht.<\/p>\r\n\r\n<h2>Br\u00fcckentage 2017 in der zweiten Jahresh\u00e4lfte<\/h2>\r\n\r\n<p>Doch diesmal sorgen noch drei weitere Feiertage f\u00fcr einen Br\u00fcckentag. So feiern die Bayern und Saarl\u00e4nder an einem Dienstag, den 15. August,<strong> Mari\u00e4 Himmelfahrt<\/strong>. So wird der 14. August zu einem Br\u00fcckentag und l\u00e4dt zu einem langen Sommerwochenende ein.<\/p>\r\n\r\n<a href=\"\/blog\/wp-content\/uploads\/2016\/10\/kuerbisse-im-oktober.jpg\" data-rel=\"lightbox-image-1\" data-rl_title=\"\" data-rl_caption=\"\" title=\"\"><img decoding=\"async\" loading=\"lazy\" src=\"\/blog\/wp-content\/uploads\/2016\/10\/kuerbisse-im-oktober.jpg\" alt=\"K\u00fcrbisse im Oktober\" width=\"740\" height=\"486\"\/><\/a><p class=\"wp-caption-text\">Juhu &#8211; im Oktober gibt es gleich zwei Br\u00fcckentage!<\/p>\r\n\r\n<p class=\"underPic\">Im Oktober schlie\u00dflich darf sich ganz Deutschland \u00fcber zwei Br\u00fcckentage freuen. Zum einen findet der <strong>Tag der Deutschen Einheit<\/strong> am 3. Oktober an einem Dienstag statt. Zum anderen begeht aufgrund des Reformationsjubil\u00e4ums in 2017 ganz Deutschland den <strong>Reformationstag<\/strong> am 31. Oktober. Da dieser ebenfalls auf einen Dienstag f\u00e4llt, wird auch hier der Montag davor zum Br\u00fcckentag. Am meisten profitieren jedoch die Bewohner von Baden-W\u00fcrttemberg, Bayern, NRW, Rheinland-Pfalz und dem Saarland von dieser Konstellation. Bei ihnen ist n\u00e4mlich auch der sich anschlie\u00dfende 1. November ein gesetzlicher Feiertag &#8211; <strong>Allerheiligen<\/strong>. Wer seinen Urlaub clever plant, kann hier ganze neun freie Tage ergattern &#8211; und das mit nur drei Urlaubstagen!<\/p>\r\n\r\n<h2>Lange Wochenenden 2017<\/h2>\r\n\r\n<p>\u00c4rgerlicher Weise f\u00e4llt Neujahr 2017 auf einen Sonntag &#8211; das freut die Arbeitgeber. F\u00fcr die Bewohner von Baden-W\u00fcrttemberg, Bayern und Sachsen-Anhalt ist das jedoch halb so schlimm. F\u00fcr sie schlie\u00dft sich eine &#8222;kurze Woche&#8220; an, da die <strong>Heiligen Drei K\u00f6nige<\/strong> am 6. Januar 2017 auf einen Freitag fallen und somit das erste lange Wochenende im neuen Jahr bescheren.<\/p>\r\n\r\n<p>Von den verbleibenden vier langen Wochenenden 2017 partizipieren jedoch alle Bundesl\u00e4nder. Wie immer sorgen <strong>Ostern<\/strong> und <strong>Pfingsten<\/strong> f\u00fcr ein verl\u00e4ngertes Wochenende. Ostern wird 2017 vom 14. bis 17. April gefeiert, Pfingsten vom 4. bis 5. Juni. Doch auch der Wonnemonat Mai h\u00e4lt f\u00fcr uns ein langes Wochenende parat: Der <strong>Tag der Arbeit<\/strong> am 1. Mai ist 2017 ein Montag und l\u00e4dt uns zu einem ausgedehnten Mai-Ausflug ein.<\/p>\r\n\r\n<a href=\"\/blog\/wp-content\/uploads\/2016\/10\/kerze-an-weihnachten.jpg\" data-rel=\"lightbox-image-2\" data-rl_title=\"\" data-rl_caption=\"\" title=\"\"><img decoding=\"async\" loading=\"lazy\" src=\"\/blog\/wp-content\/uploads\/2016\/10\/kerze-an-weihnachten.jpg\" alt=\"Kerze an Weihnachten\" width=\"740\" height=\"416\"\/><\/a><p class=\"wp-caption-text\">Weihnachten 2017 beschert gleich 4 freie Tage am St\u00fcck!<\/p>\r\n\r\n<p class=\"underPic\">Das Highlight erwartet uns jedoch zum Jahresende! <strong>Weihnachten<\/strong> wird 2017 von Montag bis Dienstag gefeiert, was f\u00fcr ein 4-t\u00e4giges Wochenende sorgt. Und im neuen Jahr f\u00e4llt der 1. Januar dann gl\u00fccklicherweise auf einen Montag, sodass wir gediegen ins <a href=\"\/kalender-2018\" title=\"Kalender 2018\" target=\"_blank\">Jahr 2018<\/a> starten k\u00f6nnen.<\/p>","protected":false},"excerpt":{"rendered":"Das Kalenderjahr 2017 bietet ganze f\u00fcnf Br\u00fcckentage und f\u00fcnf lange Wochenenden, die darauf warten, von Arbeitnehmern clever genutzt zu werden. Einer der Br\u00fcckentage 2017 entsteht","protected":false},"author":3,"featured_media":1874,"comment_status":"open","ping_status":"open","sticky":false,"template":"","format":"standard","meta":[],"categories":[9],"tags":[82,62,21],"yoast_head":"<!-- This site is optimized with the Yoast SEO plugin v20.12 - https:\/\/yoast.com\/wordpress\/plugins\/seo\/ -->\n<title>Br\u00fcckentage 2017 und lange Wochenenden<\/title>\n<meta name=\"description\" content=\"Das Kalenderjahr bietet f\u00fcnf Br\u00fcckentage 2017 und f\u00fcnf lange Wochenenden! Wer diese bei der Urlaubsplanung clever einsetzt,hat mehr von seinem Jahresurlaub!\" \/>\n<meta name=\"robots\" content=\"index, follow, max-snippet:-1, max-image-preview:large, max-video-preview:-1\" \/>\n<link rel=\"canonical\" href=\"https:\/\/www.kalender-uhrzeit.de\/blog\/zeitmesser\/brueckentage-2017\/\" \/>\n<meta property=\"og:locale\" content=\"de_DE\" \/>\n<meta property=\"og:type\" content=\"article\" \/>\n<meta property=\"og:title\" content=\"Br\u00fcckentage 2017 und lange Wochenenden\" \/>\n<meta property=\"og:description\" content=\"Das Kalenderjahr bietet f\u00fcnf Br\u00fcckentage 2017 und f\u00fcnf lange Wochenenden! Wer diese bei der Urlaubsplanung clever einsetzt,hat mehr von seinem Jahresurlaub!\" \/>\n<meta property=\"og:url\" content=\"https:\/\/www.kalender-uhrzeit.de\/blog\/zeitmesser\/brueckentage-2017\/\" \/>\n<meta property=\"og:site_name\" content=\"KalUhrBlog\" \/>\n<meta property=\"article:published_time\" content=\"2016-10-04T14:25:21+00:00\" \/>\n<meta property=\"article:modified_time\" content=\"2018-06-20T10:10:33+00:00\" \/>\n<meta property=\"og:image\" content=\"https:\/\/www.kalender-uhrzeit.de\/blog\/wp-content\/uploads\/2016\/09\/brueckentage-2017.png\" \/>\n\t<meta property=\"og:image:width\" content=\"920\" \/>\n\t<meta property=\"og:image:height\" content=\"800\" \/>\n\t<meta property=\"og:image:type\" content=\"image\/png\" \/>\n<meta name=\"author\" content=\"B K\" \/>\n<meta name=\"twitter:label1\" content=\"Verfasst von\" \/>\n\t<meta name=\"twitter:data1\" content=\"B K\" \/>\n\t<meta name=\"twitter:label2\" content=\"Gesch\u00e4tzte Lesezeit\" \/>\n\t<meta name=\"twitter:data2\" content=\"2\u00a0Minuten\" \/>\n<script type=\"application\/ld+json\" class=\"yoast-schema-graph\">{\"@context\":\"https:\/\/schema.org\",\"@graph\":[{\"@type\":\"WebPage\",\"@id\":\"https:\/\/www.kalender-uhrzeit.de\/blog\/zeitmesser\/brueckentage-2017\/\",\"url\":\"https:\/\/www.kalender-uhrzeit.de\/blog\/zeitmesser\/brueckentage-2017\/\",\"name\":\"Br\u00fcckentage 2017 und lange Wochenenden\",\"isPartOf\":{\"@id\":\"https:\/\/www.kalender-uhrzeit.de\/blog\/#website\"},\"datePublished\":\"2016-10-04T14:25:21+00:00\",\"dateModified\":\"2018-06-20T10:10:33+00:00\",\"author\":{\"@id\":\"https:\/\/www.kalender-uhrzeit.de\/blog\/#\/schema\/person\/e183927656d491565aa837f62e93e6a5\"},\"description\":\"Das Kalenderjahr bietet f\u00fcnf Br\u00fcckentage 2017 und f\u00fcnf lange Wochenenden! Wer diese bei der Urlaubsplanung clever einsetzt,hat mehr von seinem Jahresurlaub!\",\"breadcrumb\":{\"@id\":\"https:\/\/www.kalender-uhrzeit.de\/blog\/zeitmesser\/brueckentage-2017\/#breadcrumb\"},\"inLanguage\":\"de\",\"potentialAction\":[{\"@type\":\"ReadAction\",\"target\":[\"https:\/\/www.kalender-uhrzeit.de\/blog\/zeitmesser\/brueckentage-2017\/\"]}]},{\"@type\":\"BreadcrumbList\",\"@id\":\"https:\/\/www.kalender-uhrzeit.de\/blog\/zeitmesser\/brueckentage-2017\/#breadcrumb\",\"itemListElement\":[{\"@type\":\"ListItem\",\"position\":1,\"name\":\"Home\",\"item\":\"https:\/\/www.kalender-uhrzeit.de\/blog\/\"},{\"@type\":\"ListItem\",\"position\":2,\"name\":\"Br\u00fcckentage 2017\"}]},{\"@type\":\"WebSite\",\"@id\":\"https:\/\/www.kalender-uhrzeit.de\/blog\/#website\",\"url\":\"https:\/\/www.kalender-uhrzeit.de\/blog\/\",\"name\":\"KalUhrBlog\",\"description\":\"\",\"potentialAction\":[{\"@type\":\"SearchAction\",\"target\":{\"@type\":\"EntryPoint\",\"urlTemplate\":\"https:\/\/www.kalender-uhrzeit.de\/blog\/?s={search_term_string}\"},\"query-input\":\"required name=search_term_string\"}],\"inLanguage\":\"de\"},{\"@type\":\"Person\",\"@id\":\"https:\/\/www.kalender-uhrzeit.de\/blog\/#\/schema\/person\/e183927656d491565aa837f62e93e6a5\",\"name\":\"B K\",\"url\":\"https:\/\/www.kalender-uhrzeit.de\/blog\/author\/musicmonk\/\"}]}<\/script>\n<!-- \/ Yoast SEO plugin. -->","yoast_head_json":{"title":"Br\u00fcckentage 2017 und lange Wochenenden","description":"Das Kalenderjahr bietet f\u00fcnf Br\u00fcckentage 2017 und f\u00fcnf lange Wochenenden! Wer diese bei der Urlaubsplanung clever einsetzt,hat mehr von seinem Jahresurlaub!","robots":{"index":"index","follow":"follow","max-snippet":"max-snippet:-1","max-image-preview":"max-image-preview:large","max-video-preview":"max-video-preview:-1"},"canonical":"https:\/\/www.kalender-uhrzeit.de\/blog\/zeitmesser\/brueckentage-2017\/","og_locale":"de_DE","og_type":"article","og_title":"Br\u00fcckentage 2017 und lange Wochenenden","og_description":"Das Kalenderjahr bietet f\u00fcnf Br\u00fcckentage 2017 und f\u00fcnf lange Wochenenden! Wer diese bei der Urlaubsplanung clever einsetzt,hat mehr von seinem Jahresurlaub!","og_url":"https:\/\/www.kalender-uhrzeit.de\/blog\/zeitmesser\/brueckentage-2017\/","og_site_name":"KalUhrBlog","article_published_time":"2016-10-04T14:25:21+00:00","article_modified_time":"2018-06-20T10:10:33+00:00","og_image":[{"width":920,"height":800,"url":"https:\/\/www.kalender-uhrzeit.de\/blog\/wp-content\/uploads\/2016\/09\/brueckentage-2017.png","type":"image\/png"}],"author":"B K","twitter_misc":{"Verfasst von":"B K","Gesch\u00e4tzte Lesezeit":"2\u00a0Minuten"},"schema":{"@context":"https:\/\/schema.org","@graph":[{"@type":"WebPage","@id":"https:\/\/www.kalender-uhrzeit.de\/blog\/zeitmesser\/brueckentage-2017\/","url":"https:\/\/www.kalender-uhrzeit.de\/blog\/zeitmesser\/brueckentage-2017\/","name":"Br\u00fcckentage 2017 und lange Wochenenden","isPartOf":{"@id":"https:\/\/www.kalender-uhrzeit.de\/blog\/#website"},"datePublished":"2016-10-04T14:25:21+00:00","dateModified":"2018-06-20T10:10:33+00:00","author":{"@id":"https:\/\/www.kalender-uhrzeit.de\/blog\/#\/schema\/person\/e183927656d491565aa837f62e93e6a5"},"description":"Das Kalenderjahr bietet f\u00fcnf Br\u00fcckentage 2017 und f\u00fcnf lange Wochenenden! Wer diese bei der Urlaubsplanung clever einsetzt,hat mehr von seinem Jahresurlaub!","breadcrumb":{"@id":"https:\/\/www.kalender-uhrzeit.de\/blog\/zeitmesser\/brueckentage-2017\/#breadcrumb"},"inLanguage":"de","potentialAction":[{"@type":"ReadAction","target":["https:\/\/www.kalender-uhrzeit.de\/blog\/zeitmesser\/brueckentage-2017\/"]}]},{"@type":"BreadcrumbList","@id":"https:\/\/www.kalender-uhrzeit.de\/blog\/zeitmesser\/brueckentage-2017\/#breadcrumb","itemListElement":[{"@type":"ListItem","position":1,"name":"Home","item":"https:\/\/www.kalender-uhrzeit.de\/blog\/"},{"@type":"ListItem","position":2,"name":"Br\u00fcckentage 2017"}]},{"@type":"WebSite","@id":"https:\/\/www.kalender-uhrzeit.de\/blog\/#website","url":"https:\/\/www.kalender-uhrzeit.de\/blog\/","name":"KalUhrBlog","description":"","potentialAction":[{"@type":"SearchAction","target":{"@type":"EntryPoint","urlTemplate":"https:\/\/www.kalender-uhrzeit.de\/blog\/?s={search_term_string}"},"query-input":"required name=search_term_string"}],"inLanguage":"de"},{"@type":"Person","@id":"https:\/\/www.kalender-uhrzeit.de\/blog\/#\/schema\/person\/e183927656d491565aa837f62e93e6a5","name":"B K","url":"https:\/\/www.kalender-uhrzeit.de\/blog\/author\/musicmonk\/"}]}},"_links":{"self":[{"href":"https:\/\/www.kalender-uhrzeit.de\/blog\/wp-json\/wp\/v2\/posts\/1859"}],"collection":[{"href":"https:\/\/www.kalender-uhrzeit.de\/blog\/wp-json\/wp\/v2\/posts"}],"about":[{"href":"https:\/\/www.kalender-uhrzeit.de\/blog\/wp-json\/wp\/v2\/types\/post"}],"author":[{"embeddable":true,"href":"https:\/\/www.kalender-uhrzeit.de\/blog\/wp-json\/wp\/v2\/users\/3"}],"replies":[{"embeddable":true,"href":"https:\/\/www.kalender-uhrzeit.de\/blog\/wp-json\/wp\/v2\/comments?post=1859"}],"version-history":[{"count":25,"href":"https:\/\/www.kalender-uhrzeit.de\/blog\/wp-json\/wp\/v2\/posts\/1859\/revisions"}],"predecessor-version":[{"id":2395,"href":"https:\/\/www.kalender-uhrzeit.de\/blog\/wp-json\/wp\/v2\/posts\/1859\/revisions\/2395"}],"wp:featuredmedia":[{"embeddable":true,"href":"https:\/\/www.kalender-uhrzeit.de\/blog\/wp-json\/wp\/v2\/media\/1874"}],"wp:attachment":[{"href":"https:\/\/www.kalender-uhrzeit.de\/blog\/wp-json\/wp\/v2\/media?parent=1859"}],"wp:term":[{"taxonomy":"category","embeddable":true,"href":"https:\/\/www.kalender-uhrzeit.de\/blog\/wp-json\/wp\/v2\/categories?post=1859"},{"taxonomy":"post_tag","embeddable":true,"href":"https:\/\/www.kalender-uhrzeit.de\/blog\/wp-json\/wp\/v2\/tags?post=1859"}],"curies":[{"name":"wp","href":"https:\/\/api.w.org\/{rel}","templated":true}]}}