

{"id":1443,"date":"2016-04-28T13:07:32","date_gmt":"2016-04-28T11:07:32","guid":{"rendered":"https:\/\/www.kalender-uhrzeit.de\/blog\/?p=1443"},"modified":"2020-08-15T20:30:48","modified_gmt":"2020-08-15T18:30:48","slug":"feiertage-in-italien","status":"publish","type":"post","link":"https:\/\/www.kalender-uhrzeit.de\/blog\/kulturzeit\/feiertage-in-italien\/","title":{"rendered":"Feiertage in Italien"},"content":{"rendered":"<p><strong>Jedes Land hat seine eigene Feier- und Festtagskultur. Religion, Lebensweise, Klima und Politik bestimmen h\u00e4ufig die Art und Weise, in der Feiertage und Festtage begangen werden. In unserer neuen Themenserie schauen wir in die verschiedenen L\u00e4nder dieser Welt und zeigen euch, wie dort gefeiert wird.<\/strong><\/p>\r\n\r\n<a href=\"\/blog\/wp-content\/uploads\/2016\/04\/feiertage-in-italien.jpg\" data-rel=\"lightbox-image-0\" data-rl_title=\"\" data-rl_caption=\"\" title=\"\"><img decoding=\"async\" loading=\"lazy\" src=\"\/blog\/wp-content\/uploads\/2016\/04\/feiertage-in-italien.jpg\" alt=\"Italienischer Lebensstil: Fassade mit W\u00e4schleine\" width=\"740\" height=\"500\"\/><\/a><p class=\"wp-caption-text\">Feiertage in Italien: Feiern im Land von &#8222;Dolce Vita&#8220;<\/p>\r\n\r\n<p class=\"underPic\">Wir starten mit Italien, dem Land des &#8222;Dolce Vita&#8220;. Denn die Italiener verstehen sich darauf, das Leben zu genie\u00dfen und die Feste ordentlich zu feiern. Viele italienische Feiertage haben ganz besondere Rituale, andere \u00e4hneln stark den deutschen Traditionen. In diesem Artikel erfahrt ihr alles \u00fcber Maskenb\u00e4lle zum Karneval, Hexenkult zur Weihnachtszeit und warum die Italiener spezielle rote Unterw\u00e4sche an Silvester tragen.<\/p>\r\n\r\n<h2>Gesetzliche Feiertage in Italien<\/h2>\r\n\r\n<iframe loading=\"lazy\" src=\"\/bankholiday\/iframe\/type\/year\/country\/15\" name=\"\" width=\"100%\" height=\"380\" scrolling=\"no\" marginheight=\"0\" marginwidth=\"0\" frameborder=\"0\"><\/iframe><p class=\"wp-caption-text\">Tabelle auf der eigener Webseite einbinden: <a href=\"\/feiertage\/partner\" title=\"Feiertage Italien als iframe\">Iframe f\u00fcr Feiertage in Italien und andere L\u00e4nder<\/a><\/p>\r\n\r\n<p class=\"underPic\">Eine kalendarische \u00dcbersicht findet ihr hier: <a href=\"\/feiertage\/aktuell\/italien\" title=\"Gesetzliche und nicht gesetzliche Feiertage Italien\" target=\"blank\" rel=\"noopener noreferrer\">Aktuelle Feiertage in Italien<\/a><\/p>\r\n\r\n<h2>Feiertage in Italien &#8211; Traditionen und Br\u00e4uche<\/h2>\r\n\r\n<p>Navigiert euch hier durch den Artikel oder scrollt einfach tiefer:<\/p>\r\n\r\n<p class=\"underPic greyBG\">\r\n<a href=\"#Neujahr\"><i class=\"fa fa-arrow-circle-o-right\" aria-hidden=\"true\"><\/i> Neujahr in Italien<\/a><br>\r\n<a href=\"#HeiligeDreiKoenige\"><i class=\"fa fa-arrow-circle-o-right\" aria-hidden=\"true\"><\/i> Heilige Drei K\u00f6nige in Italien<\/a><br>\r\n<a href=\"#Karneval\"><i class=\"fa fa-arrow-circle-o-right\" aria-hidden=\"true\"><\/i> Karneval in Italien<\/a><br>\r\n<a href=\"#Ostern\"><i class=\"fa fa-arrow-circle-o-right\" aria-hidden=\"true\"><\/i> Ostern in Italien<\/a><br>\r\n<a href=\"#TagDerBefreiung\"><i class=\"fa fa-arrow-circle-o-right\" aria-hidden=\"true\"><\/i> Tag der Befreiung<\/a><br>\r\n<a href=\"#TagDerArbeit\"><i class=\"fa fa-arrow-circle-o-right\" aria-hidden=\"true\"><\/i> Tag der Arbeit in Italien<\/a><br>\r\n<a href=\"#TagDerRepublik\"><i class=\"fa fa-arrow-circle-o-right\" aria-hidden=\"true\"><\/i> Tag der Republik<\/a><br>\r\n<a href=\"#MariaeHimmelfahrt\"><i class=\"fa fa-arrow-circle-o-right\" aria-hidden=\"true\"><\/i> Mari\u00e4 Himmelfahrt in Italien<\/a><br>\r\n<a href=\"#Allerheiligen\"><i class=\"fa fa-arrow-circle-o-right\" aria-hidden=\"true\"><\/i> Allerheiligen in Italien<\/a><br>\r\n<a href=\"#MariaeEmpfaegnis\"><i class=\"fa fa-arrow-circle-o-right\" aria-hidden=\"true\"><\/i> Mari\u00e4 Empf\u00e4ngnis in Italien<\/a><br>\r\n<a href=\"#Weihnachten\"><i class=\"fa fa-arrow-circle-o-right\" aria-hidden=\"true\"><\/i> Weihnachten in Italien<\/a><br>\r\n<a href=\"#Silvester\"><i class=\"fa fa-arrow-circle-o-right\" aria-hidden=\"true\"><\/i> Silvester in Italien<\/a>\r\n<\/p>\r\n\r\n<span class=\"anchorClass\" id=\"Neujahr\"><\/span>\r\n<h2>Neujahr in Italien<\/h2>\r\n\r\n<ul>\r\n<li>Datum: 1. Januar<\/li>\r\n<li>italienischer Name: Capodanno oder Anno Nuovo<\/li>\r\n<li>gesetzlicher Feiertag<\/li>\r\n<\/ul>\r\n\r\n<div class=\"fllContent\">\r\n<a href=\"\/blog\/wp-content\/uploads\/2016\/04\/linsensuppe.jpg\" data-rel=\"lightbox-image-1\" data-rl_title=\"\" data-rl_caption=\"\" title=\"\"><img decoding=\"async\" loading=\"lazy\" src=\"\/blog\/wp-content\/uploads\/2016\/04\/linsensuppe.jpg\" alt=\"Suppensch\u00fcsseln mit Linsen\" width=\"380\" height=\"253\"\/><\/a><p class=\"wp-caption-text\">Neujahrsgericht in Italien: Linsensuppe<\/p>\r\n<\/div>\r\n\r\n<p>Viele Italiener verbringen den 1. Januar, den Neujahrstag in Italien, vorzugsweise daheim im Kreise ihrer Familie. Andere nutzen die Feiertage um den Jahreswechsel herum gern auch f\u00fcr einen Ausflug in die Berge oder in die w\u00e4rmere S\u00fcdspitze des Landes.<\/p>\r\n\r\n<p>Ein etabliertes Ritual am Neujahrstag ist das Verspeisen von Linsen (italienisch: lenticche), wovon sich die Italiener Geldsegen f\u00fcr das neue Jahr versprechen. Das r\u00fchrt vor allem von der Form der Linsen her, die an kleine M\u00fcnzen erinnert.<\/p>\r\n\r\n<p>Ein weiterer Neujahrsbrauch in Italien ist das Bleigie\u00dfen. Eine Tradition, die sich auch in Deutschland etabliert hat und dabei helfen soll, die Zukunft f\u00fcr das neue Jahr zu deuten.<\/p>\r\n\r\n<h3>Passend zur italienischen Neujahrsfeier<\/h3>\r\n<ul>\r\n<li><a target=\"_blank\" rel=\"nofollow noopener noreferrer\" href=\"https:\/\/www.amazon.de\/Sontino-Frizzante-Secco-BioVegan-Trocken\/dp\/B0085SWBQ0\/?_encoding=UTF8&#038;camp=1638&#038;creative=6742&#038;linkCode=ur2&#038;site-redirect=de&#038;tag=kalenderuhrze-21\">Italienischer Perlwein: Sontino Frizzante Secco BioVegan Trocken<\/a><img decoding=\"async\" loading=\"lazy\" src=\"https:\/\/ir-de.amazon-adsystem.com\/e\/ir?t=kalenderuhrze-21&#038;l=ur2&#038;o=3\" width=\"1\" height=\"1\" border=\"0\" alt=\"\" style=\"border:none !important; margin:0px !important;\" \/>\r\n<\/li>\r\n<li><a target=\"_blank\" rel=\"nofollow noopener noreferrer\" href=\"https:\/\/www.amazon.de\/Limoncello-Zitronen-Lik%C3%B6r-Glasschuh-Geschenkidee\/dp\/B00EIE5R8Y\/?_encoding=UTF8&#038;camp=1638&#038;creative=6742&#038;linkCode=ur2&#038;site-redirect=de&#038;tag=kalenderuhrze-21\">Limoncello: Zitronenlik\u00f6r im Glasschuh<\/a><img decoding=\"async\" loading=\"lazy\" src=\"https:\/\/ir-de.amazon-adsystem.com\/e\/ir?t=kalenderuhrze-21&#038;l=ur2&#038;o=3\" width=\"1\" height=\"1\" border=\"0\" alt=\"\" style=\"border:none !important; margin:0px !important;\" \/>\r\n<\/li>\r\n<li><a target=\"_blank\" rel=\"nofollow noopener noreferrer\" href=\"https:\/\/www.amazon.de\/Bleigie%C3%9Fen-Hohlfiguren-mit-Gie%C3%9Fl%C3%B6ffel-Orakelheft\/dp\/B00147OSII\/?_encoding=UTF8&#038;camp=1638&#038;creative=6742&#038;linkCode=ur2&#038;site-redirect=de&#038;tag=kalenderuhrze-21\"> Bleigie\u00dfen: 6 Hohlfiguren mit Gie\u00dfl\u00f6ffel und Orakelheft<\/a><img decoding=\"async\" loading=\"lazy\" src=\"https:\/\/ir-de.amazon-adsystem.com\/e\/ir?t=kalenderuhrze-21&#038;l=ur2&#038;o=3\" width=\"1\" height=\"1\" border=\"0\" alt=\"\" style=\"border:none !important; margin:0px !important;\" \/>\r\n<\/li>\r\n<\/ul>\r\n\r\n<hr>\r\n\r\n<span class=\"anchorClass\" id=\"HeiligeDreiKoenige\"><\/span>\r\n<h2>Heilige Drei K\u00f6nige in Italien<\/h2>\r\n\r\n<ul>\r\n<li>Datum: 6. Januar<\/li>\r\n<li>italienischer Name: Epifania<\/li>\r\n<li>gesetzlicher Feiertag<\/li>\r\n<\/ul>\r\n\r\n<p>Zum Dreik\u00f6nigstag in Italien gibt es f\u00fcr Kinder eine zweite Bescherung. Nachdem bereits am 25. Dezember Geschenke \u00fcberreicht wurden, bringt die \u201eBefana\u201c am 6. Januar erneut Pr\u00e4sente.<\/p>\r\n\r\n<div class=\"fllContent\">\r\n<a href=\"\/blog\/wp-content\/uploads\/2016\/04\/befana-italien.jpg\" data-rel=\"lightbox-image-2\" data-rl_title=\"\" data-rl_caption=\"\" title=\"\"><img decoding=\"async\" loading=\"lazy\" src=\"\/blog\/wp-content\/uploads\/2016\/04\/befana-italien.jpg\" alt=\"Hexenfigur Befana\" width=\"380\" height=\"269\"\/><\/a><p class=\"wp-caption-text\">Befana: Die gute Hexe bringt in Italien die Geschenke<\/p>\r\n<\/div>\r\n\r\n<p>Befana (der Name leitet sich von Epiphanie, dem Dreik\u00f6nigsfest ab) ist ein weiblicher D\u00e4mon. Eine Hexe, die der Legende nach von den Hirten die frohe Botschaft \u00fcber die Geburt des Jesuskindes erfuhr. Auf ihrer Suche nach der Krippe konnte sie jedoch den Stern, der den Weg nach Bethlehem zeigt, nicht finden und kam nie an der Krippe an.<\/p>\r\n\r\n<p>Noch heute fliegt sie in der Nacht vom 5. auf den 6. Januar umher und sucht das Jesuskind. Dabei verteilt sie Geschenke an die braven Kinder und bestraft jene, die ungehorsam waren. Mittlerweile gilt sie den Italienern als gute Hexe und entspricht als Sagengestalt in etwa unserer Frau Holle oder der alpenl\u00e4ndlichen Perchta.<\/p>\r\n\r\n<p>Besonders im Nordosten Italiens ist die Tradition der Befana noch sehr lebendig. In Venetien werden Lagerfeuer, die sogenannten \u201ePanevin\u201c entfacht, um alles Negative aus dem vergangenen Jahr auszul\u00f6schen und den Weg f\u00fcr das Gute und Neue zu bereiten.<\/p>\r\n\r\n<p>In Florenz laufen die Heiligen Drei K\u00f6nige an diesem Tag in aufwendigen Renaissance-Gew\u00e4ndern durch die Stra\u00dfen und feiern den Aufstieg von Caspar, Melchior und Balthasar.<\/p>\r\n\r\n<p>Zugleich l\u00e4utet der Feiertag das offizielle Ende der Weihnachtszeit ein \u2013 und den Beginn der Karnevalszeit.<\/p>\r\n\r\n<p>\u00dcbrigens: Wer bis zum 6. Januar seinen Panettone (italienischer Weihnachtskuchen) nicht aufgegessen hat, zieht das Ungl\u00fcck im neuen Jahr an.<\/p>\r\n\r\n<hr>\r\n\r\n<span class=\"anchorClass\" id=\"Karneval\"><\/span>\r\n<h2>Karneval in Italien<\/h2>\r\n\r\n<ul>\r\n<li>Zeitraum: Februar<\/li>\r\n<li>italienischer Name: Carnevale<\/li>\r\n<li>Fest<\/li>\r\n<\/ul>\r\n\r\n<p>Der italienische Karneval wird in der Zeit zwischen dem Dreik\u00f6nigstag und dem Beginn der 40-t\u00e4gigen Fastenzeit begangen. Die Bezeichnung \u201ecarne vale\u201c kann mit \u201eFleisch, lebe wohl\u201c \u00fcbersetzt werden. Der Name verweist somit auf die bevorstehende, bis Ostern dauernde Fastenzeit. Doch bevor diese beginnt, soll ein rauschendes Fest mit \u00fcppigen Speisen, k\u00f6stlichen Getr\u00e4nken und sinnlichen Freuden gefeiert werden. F\u00fcr die arme Bev\u00f6lkerung war dies meist die einzige M\u00f6glichkeit im Jahr, ausgiebig zu speisen.<\/p>\r\n\r\n<p>Der Karneval bietet zudem die Gelegenheit, die soziale Ordnung w\u00e4hrend dieser Zeit auf den Kopf zu stellen. So finden im ganzen Land aufwendige Umz\u00fcge und Maskenb\u00e4lle statt \u2013 in der Stadt Ivrea nahe Turin beschie\u00dfen sich die Italiener sogar mit Orangen. Dabei kann es durchaus zu Verletzten kommen. Neben all den Veranstaltungen und karnevalistischen Feierlichkeiten hat sich der Karneval einer italienischen Stadt einen ganz besonderen Namen gemacht.<\/p>\r\n\r\n<h3>Karneval in Venedig<\/h3>\r\n\r\n<div class=\"fllContent\">\r\n<a href=\"\/blog\/wp-content\/uploads\/2016\/04\/karneval-venedig-maskierte-frau.jpg\" data-rel=\"lightbox-image-3\" data-rl_title=\"\" data-rl_caption=\"\" title=\"\"><img decoding=\"async\" loading=\"lazy\" src=\"\/blog\/wp-content\/uploads\/2016\/04\/karneval-venedig-maskierte-frau.jpg\" alt=\"Karneval in Venedig: Maskierte Frau\" width=\"380\" height=\"252\"\/><\/a><p class=\"wp-caption-text\">Maskierte Frau zum Karneval in Venedig<\/p>\r\n<\/div>\r\n\r\n<p>Der Karneval in Venedig blickt auf eine lange Tradition zur\u00fcck. Im Jahr 1296 wird der letzte Tag vor Beginn der Fastenzeit erstmals offiziell in einem Dokument als Feiertag erw\u00e4hnt. Er sollte dazu dienen, sich zu vergn\u00fcgen und aufgrund der Masken die gesellschaftlichen, religi\u00f6sen und geschlechtsspezifischen Unterschiede zwischen den Menschen aufzuheben.<\/p>\r\n\r\n<p>Heute erstrecken sich die Feierlichkeiten, die jedes Jahr unter einem bestimmten Motto stehen, \u00fcber zehn Tage und enden am Aschermittwoch. Der Karneval in Venedig sorgt mit den aufwendig gestalteten Masken und Kost\u00fcmen immer wieder f\u00fcr ein gewaltiges Spektakel, das tausende Besucher anzieht. Besonders der sogenannte Engelsflug, der die Karnevalszeit einl\u00e4utet, ist ein gro\u00dfer Besuchermagnet. Dabei schwebt eine Artistin vom Glockenturm des Markusdoms bis zum Palazzo Ducale an einem Drahtseil herab.<\/p>\r\n\r\n<h3>Passend zum italienischen Karneval<\/h3>\r\n<ul>\r\n<li><a target=\"_blank\" rel=\"nofollow noopener noreferrer\" href=\"https:\/\/www.amazon.de\/Maskerade-Gesichtsmaske-Venedig-Karneval-Einheitsgr%C3%B6%C3%9Fe\/dp\/B015OETV38\/?_encoding=UTF8&#038;camp=1638&#038;creative=6742&#038;linkCode=ur2&#038;site-redirect=de&#038;tag=kalenderuhrze-21\">Elegante Maske &#8222;Karneval in Venedig&#8220;<\/a><img decoding=\"async\" loading=\"lazy\" src=\"https:\/\/ir-de.amazon-adsystem.com\/e\/ir?t=kalenderuhrze-21&#038;l=ur2&#038;o=3\" width=\"1\" height=\"1\" border=\"0\" alt=\"\" style=\"border:none !important; margin:0px !important;\" \/>\r\n<\/li>\r\n<li><a target=\"_blank\" rel=\"nofollow noopener noreferrer\" href=\"https:\/\/www.amazon.de\/COM-FOUR%C2%AE-Venezianische-Augenmaske-Karneval-Fasching\/dp\/B00UV5J0RS\/?_encoding=UTF8&#038;camp=1638&#038;creative=6742&#038;linkCode=ur2&#038;site-redirect=de&#038;tag=kalenderuhrze-21\">Venezianische Maske 3er-Set<\/a><img decoding=\"async\" loading=\"lazy\" src=\"https:\/\/ir-de.amazon-adsystem.com\/e\/ir?t=kalenderuhrze-21&#038;l=ur2&#038;o=3\" width=\"1\" height=\"1\" border=\"0\" alt=\"\" style=\"border:none !important; margin:0px !important;\" \/>\r\n<\/li>\r\n<li><a target=\"_blank\" rel=\"nofollow noopener noreferrer\" href=\"https:\/\/www.amazon.de\/Venezianische-Colombina-Handarbeit-Venezianisch-Maskenball\/dp\/B002TVJR34\/?_encoding=UTF8&#038;camp=1638&#038;creative=6742&#038;linkCode=ur2&#038;site-redirect=de&#038;tag=kalenderuhrze-21\">Venezianische Maske &#8222;Musica&#8220;<\/a><img decoding=\"async\" loading=\"lazy\" src=\"https:\/\/ir-de.amazon-adsystem.com\/e\/ir?t=kalenderuhrze-21&#038;l=ur2&#038;o=3\" width=\"1\" height=\"1\" border=\"0\" alt=\"\" style=\"border:none !important; margin:0px !important;\" \/>\r\n<\/li>\r\n<li><a target=\"_blank\" rel=\"nofollow noopener noreferrer\" href=\"https:\/\/www.amazon.de\/Widmann-S0700-Per%C3%BCcke-Italien-gr%C3%BCn\/dp\/B005I4Q28M\/?_encoding=UTF8&#038;camp=1638&#038;creative=6742&#038;linkCode=ur2&#038;site-redirect=de&#038;tag=kalenderuhrze-21\">Per\u00fccke: Italien<\/a><img decoding=\"async\" loading=\"lazy\" src=\"https:\/\/ir-de.amazon-adsystem.com\/e\/ir?t=kalenderuhrze-21&#038;l=ur2&#038;o=3\" width=\"1\" height=\"1\" border=\"0\" alt=\"\" style=\"border:none !important; margin:0px !important;\" \/>\r\n<\/li>\r\n<li><a target=\"_blank\" rel=\"nofollow noopener noreferrer\" href=\"https:\/\/www.amazon.de\/KOST%C3%9CM-Weltmeisterschaften-Europameisterschaften-Fu%C3%9Fballdress-Fussball\/dp\/B015VEWZXO\/?_encoding=UTF8&#038;camp=1638&#038;creative=6742&#038;linkCode=ur2&#038;site-redirect=de&#038;tag=kalenderuhrze-21\">Kost\u00fcm: Miss Italy<\/a><img decoding=\"async\" loading=\"lazy\" src=\"https:\/\/ir-de.amazon-adsystem.com\/e\/ir?t=kalenderuhrze-21&#038;l=ur2&#038;o=3\" width=\"1\" height=\"1\" border=\"0\" alt=\"\" style=\"border:none !important; margin:0px !important;\" \/>\r\n<\/li>\r\n<li><a target=\"_blank\" rel=\"nofollow noopener noreferrer\" href=\"https:\/\/www.amazon.de\/Maki-Servietten-Carnevale-Venezia-Karneval\/dp\/B00ENAVRTQ\/?_encoding=UTF8&#038;camp=1638&#038;creative=6742&#038;linkCode=ur2&#038;site-redirect=de&#038;tag=kalenderuhrze-21\">Servietten: Karneval in Venedig, Italien<\/a><img decoding=\"async\" loading=\"lazy\" src=\"https:\/\/ir-de.amazon-adsystem.com\/e\/ir?t=kalenderuhrze-21&#038;l=ur2&#038;o=3\" width=\"1\" height=\"1\" border=\"0\" alt=\"\" style=\"border:none !important; margin:0px !important;\" \/>\r\n<\/li>\r\n<li><a target=\"_blank\" rel=\"nofollow noopener noreferrer\" href=\"https:\/\/www.amazon.de\/ordeno-eu-Partyset-Italien-BASIC\/dp\/B01BP5O68K\/?_encoding=UTF8&#038;camp=1638&#038;creative=6742&#038;linkCode=ur2&#038;site-redirect=de&#038;tag=kalenderuhrze-21\"> Partyset: Fasching in Italien<\/a><img decoding=\"async\" loading=\"lazy\" src=\"https:\/\/ir-de.amazon-adsystem.com\/e\/ir?t=kalenderuhrze-21&#038;l=ur2&#038;o=3\" width=\"1\" height=\"1\" border=\"0\" alt=\"\" style=\"border:none !important; margin:0px !important;\" \/>\r\n<\/li>\r\n<\/ul>\r\n\r\n<hr>\r\n\r\n<span class=\"anchorClass\" id=\"Ostern\"><\/span>\r\n<h2>Ostern in Italien<\/h2>\r\n\r\n<ul>\r\n<li>Datum: erster Sonntag nach dem ersten Fr\u00fchlingsvollmond<\/li>\r\n<li>italienischer Name: Pasqua<\/li>\r\n<li>Karfreitag: christliches Fest<\/li>\r\n<li>Ostersonntag und Ostermontag: gesetzlicher Feiertag<\/li>\r\n<\/ul>\r\n\r\n<div class=\"fllContent\">\r\n<a href=\"\/blog\/wp-content\/uploads\/2016\/04\/picknick.jpg\" data-rel=\"lightbox-image-4\" data-rl_title=\"\" data-rl_caption=\"\" title=\"\"><img decoding=\"async\" loading=\"lazy\" src=\"\/blog\/wp-content\/uploads\/2016\/04\/picknick.jpg\" alt=\"Picknickdecke in der Wiese\" width=\"380\" height=\"251\"\/><\/a><p class=\"wp-caption-text\">Ostern in Italien: Picknick am Ostermontag<\/p>\r\n<\/div>\r\n\r\n<p>W\u00e4hrend der kompletten <strong>Karwoche<\/strong> (italienisch: settimana santa) finden in Italien Volksfeste, Passionsspiele und Prozessionen statt. Letztere werden vor allem am Gr\u00fcndonnerstag, Karfreitag (in Italien kein gesetzlicher Feiertag) und Karsamstag abgehalten. Um den Leidensweg Christi nachzustellen, ziehen B\u00fc\u00dfergemeinschaften in dunklen Gew\u00e4ndern schweigend durch die Stra\u00dfen, welche mit Fackeln beleuchtet sind, und tragen das Kirchenkreuz oder Heiligenfiguren durch die Stadt.<\/p>\r\n\r\n<p>Am <strong>Ostersonntag<\/strong> pilgern viele Gl\u00e4ubige aus Italien und anderen L\u00e4ndern zum Petersplatz in Rom, um dort vom Papst den Segen \u201eUrbi et Orbi\u201c zu erhalten. Am Ostersonntag gibt es meist auch S\u00fc\u00dfigkeiten f\u00fcr die Kinder. Besonders beliebt sind riesige, bunte Schokoladeneier, die in der Regel mit einem kleinen Spielzeug gef\u00fcllt sind.<\/p>\r\n\r\n<p>Am <strong>Ostermontag<\/strong>, den die Italiener liebevoll \u201epasquetta\u201c (kleines <a href=\"\/feiertage\/ostern\" title=\"Wissenswertes \u00fcber Ostern\" target=\"blank\" rel=\"noopener noreferrer\">Ostern<\/a>) nennen, trifft sich die Familie traditionell zu einem Osterpicknick. Der damit verbundene Ausflug erinnert an den Emmaus-Spaziergang, bei dem die J\u00fcnger Jesu&#8216; diesen nach seinem Tod begegnen und anschlie\u00dfend in Jerusalem die frohe Botschaft der Auferstehung verk\u00fcnden.<\/p>\r\n\r\n<h3>Passend zum italienischen Osterpicknick<\/h3>\r\n<ul>\r\n<li><a target=\"_blank\" rel=\"nofollow noopener noreferrer\" href=\"https:\/\/www.amazon.de\/Black-Bear-Picknickdecke-Italien\/dp\/B00WGG9354\/?_encoding=UTF8&#038;camp=1638&#038;creative=6742&#038;linkCode=ur2&#038;site-redirect=de&#038;tag=kalenderuhrze-21\"> Picknickdecke Italien<\/a><img decoding=\"async\" loading=\"lazy\" src=\"https:\/\/ir-de.amazon-adsystem.com\/e\/ir?t=kalenderuhrze-21&#038;l=ur2&#038;o=3\" width=\"1\" height=\"1\" border=\"0\" alt=\"\" style=\"border:none !important; margin:0px !important;\" \/>\r\n<\/li>\r\n<li><a target=\"_blank\" rel=\"nofollow noopener noreferrer\" href=\"https:\/\/www.amazon.de\/SONNENK%C3%9CCHE-Picknick-Candlelight-Dinner-ITALIEN-italianissimo-ebook\/dp\/B00LR098O6\/?_encoding=UTF8&#038;camp=1638&#038;creative=6742&#038;linkCode=ur2&#038;site-redirect=de&#038;tag=kalenderuhrze-21\">Picknick-Rezepte: Sonnenk\u00fcche italianissimo<\/a><img decoding=\"async\" loading=\"lazy\" src=\"https:\/\/ir-de.amazon-adsystem.com\/e\/ir?t=kalenderuhrze-21&#038;l=ur2&#038;o=3\" width=\"1\" height=\"1\" border=\"0\" alt=\"\" style=\"border:none !important; margin:0px !important;\" \/>\r\n<\/li>\r\n<li><a target=\"_blank\" rel=\"nofollow noopener noreferrer\" href=\"https:\/\/www.amazon.de\/Knopf-mini-Flagge-Italien-Spie%C3%9Fe\/dp\/B00UTIMZD8\/?_encoding=UTF8&#038;camp=1638&#038;creative=6742&#038;linkCode=ur2&#038;site-redirect=de&#038;tag=kalenderuhrze-21\">Partyspie\u00dfer: Italien-Flagge<\/a><img decoding=\"async\" loading=\"lazy\" src=\"https:\/\/ir-de.amazon-adsystem.com\/e\/ir?t=kalenderuhrze-21&#038;l=ur2&#038;o=3\" width=\"1\" height=\"1\" border=\"0\" alt=\"\" style=\"border:none !important; margin:0px !important;\" \/>\r\n<\/li>\r\n<li><a target=\"_blank\" rel=\"nofollow noopener noreferrer\" href=\"https:\/\/www.amazon.de\/Weiden-Picknick-Korb-Summertime-f\u00fcr-Personen\/dp\/B002M2EGRM\/?_encoding=UTF8&#038;camp=1638&#038;creative=6742&#038;linkCode=ur2&#038;site-redirect=de&#038;tag=kalenderuhrze-21\">Weiden-Picknick Korb &#8222;Summertime&#8220;<\/a><img decoding=\"async\" loading=\"lazy\" src=\"https:\/\/ir-de.amazon-adsystem.com\/e\/ir?t=kalenderuhrze-21&#038;l=ur2&#038;o=3\" width=\"1\" height=\"1\" border=\"0\" alt=\"\" style=\"border:none !important; margin:0px !important;\" \/>\r\n<\/li>\r\n<\/ul>\r\n\r\n<hr>\r\n\r\n<span class=\"anchorClass\" id=\"TagDerBefreiung\"><\/span>\r\n<h2>Tag der Befreiung von Italien<\/h2>\r\n\r\n<ul>\r\n<li>Datum: 25. April<\/li>\r\n<li>italienischer Name: Anniversario della Liberazione<\/li>\r\n<li>gesetzlicher Feiertag<\/li>\r\n<\/ul>\r\n\r\n<p>Italien feiert j\u00e4hrlich die Befreiung von der Besetzung des Deutschen Reiches aus dem Jahr 1945. Der Feiertag wird als inoffizieller Nationalfeiertag gehandelt, da eigentlich der 2. Juni, der Tag der Republik als Nationalfeiertag begangen wird. Gefeiert wird der <a href=\"\/feiertage\/anniversario-della-liberazione\" title=\"Wissenswertes zum Tag der Befreiung Italiens\" target=\"blank\" rel=\"noopener noreferrer\">italienische Tag der Befreiung<\/a> mit Demonstrationen und gro\u00dfen Veranstaltungen, die den republikanischen Charakter Italiens symbolisieren sollen.<\/p>\r\n\r\n<hr>\r\n\r\n<span class=\"anchorClass\" id=\"TagDerArbeit\"><\/span>\r\n<h2>Tag der Arbeit in Italien<\/h2>\r\n\r\n<ul>\r\n<li>Datum: 1. Mai<\/li>\r\n<li>italienischer Name: Festa del Lavoro<\/li>\r\n<li>gesetzlicher Feiertag<\/li>\r\n<\/ul>\r\n\r\n<p>Der Tag der Arbeit ist in vielen L\u00e4ndern ein gesetzlicher Feiertag \u2013 so auch in Italien. Er wird begangen, um an die Errungenschaften der Arbeiterbewegung zu erinnern, die daf\u00fcr sorgten, dass sich die Arbeitsbedingungen vielerorts &#8211; wenn auch nur schrittweise &#8211; verbesserten. Ein Prozess, der im Grunde bis heute andauert.<\/p>\r\n\r\n<p>Neben zahlreichen Kundgebungen findet in Rom auf der Piazza di Porta San Giovanni traditionell das Concerto del Primo Maggio statt, das vor allem eine Plattform f\u00fcr Independent-Bands ist.<\/p>\r\n\r\n<hr>\r\n\r\n<span class=\"anchorClass\" id=\"TagDerRepublik\"><\/span>\r\n<h2>Tag der Republik in Italien<\/h2>\r\n\r\n<ul>\r\n<li>Datum: 2. Juni<\/li>\r\n<li>italienischer Name: Festa della Repubblica<\/li>\r\n<li>gesetzlicher Feiertag<\/li>\r\n<\/ul>\r\n\r\n<div class=\"fllContent\">\r\n<a href=\"\/blog\/wp-content\/uploads\/2016\/04\/frecce-tricolori.png\" data-rel=\"lightbox-image-5\" data-rl_title=\"\" data-rl_caption=\"\" title=\"\"><img decoding=\"async\" loading=\"lazy\" src=\"\/blog\/wp-content\/uploads\/2016\/04\/frecce-tricolori.png\" alt=\"Kunstflugman\u00f6ver der Frecce Tricolori\" width=\"380\" height=\"239\"\/><\/a><p class=\"wp-caption-text\">Frecce Tricolori<\/p>\r\n<\/div>\r\n\r\n<p>Der Tag der Republik ist Italiens Nationalfeiertag. Er erinnert an die Gr\u00fcndung der Republik im Jahr 1946 und wird mit gro\u00dfen Milit\u00e4rparaden in Rom begangen. An den Kaiserforen finden sich milit\u00e4rische Musikkapellen ein, die Frecce Tricolori (die Kunstflugstaffel der italienischen Luftwaffe) startet ihre Flugman\u00f6ver und spr\u00fcht die Farben der italienischen Flagge in den Himmel. Staatsm\u00e4nner und -frauen aus aller Welt z\u00e4hlen zu den prominenten G\u00e4sten.<\/p>\r\n\r\n<p>Hier findet ihr N\u00e4heres zum historischen Hintergrund und weitere Informationen \u00fcber den <a href=\"\/feiertage\/festa-della-repubblica\" target=\"blank\" title=\"Festa della Repubblica - Wissenswertes\" rel=\"noopener noreferrer\">Tag der Republik in Italien<\/a>.<\/p>\r\n\r\n<hr>","protected":false},"excerpt":{"rendered":"Jedes Land hat seine eigene Feier- und Festtagskultur. Religion, Lebensweise, Klima und Politik bestimmen h\u00e4ufig die Art und Weise, in der Feiertage und Festtage begangen","protected":false},"author":3,"featured_media":1456,"comment_status":"open","ping_status":"open","sticky":false,"template":"","format":"standard","meta":[],"categories":[6],"tags":[36],"yoast_head":"<!-- This site is optimized with the Yoast SEO plugin v20.12 - https:\/\/yoast.com\/wordpress\/plugins\/seo\/ -->\n<title>Feiertage in Italien - Wie feiert Italien sein Feste?<\/title>\n<meta name=\"description\" content=\"Feiertage in Italien: Vom Karneval in Venedig \u00fcber die Weihnachtshexe Befana bis zur roten Silvester-Unterw\u00e4sche - Italien hat spannende Feiertagsbr\u00e4uche.\" \/>\n<meta name=\"robots\" content=\"index, follow, max-snippet:-1, max-image-preview:large, max-video-preview:-1\" \/>\n<link rel=\"canonical\" href=\"https:\/\/www.kalender-uhrzeit.de\/blog\/kulturzeit\/feiertage-in-italien\/\" \/>\n<meta property=\"og:locale\" content=\"de_DE\" \/>\n<meta property=\"og:type\" content=\"article\" \/>\n<meta property=\"og:title\" content=\"Feiertage in Italien - Wie feiert Italien sein Feste?\" \/>\n<meta property=\"og:description\" content=\"Feiertage in Italien: Vom Karneval in Venedig \u00fcber die Weihnachtshexe Befana bis zur roten Silvester-Unterw\u00e4sche - Italien hat spannende Feiertagsbr\u00e4uche.\" \/>\n<meta property=\"og:url\" content=\"https:\/\/www.kalender-uhrzeit.de\/blog\/kulturzeit\/feiertage-in-italien\/\" \/>\n<meta property=\"og:site_name\" content=\"KalUhrBlog\" \/>\n<meta property=\"article:published_time\" content=\"2016-04-28T11:07:32+00:00\" \/>\n<meta property=\"article:modified_time\" content=\"2020-08-15T18:30:48+00:00\" \/>\n<meta property=\"og:image\" content=\"https:\/\/www.kalender-uhrzeit.de\/blog\/wp-content\/uploads\/2016\/04\/feiertage-in-italien.jpg\" \/>\n\t<meta property=\"og:image:width\" content=\"740\" \/>\n\t<meta property=\"og:image:height\" content=\"500\" \/>\n\t<meta property=\"og:image:type\" content=\"image\/jpeg\" \/>\n<meta name=\"author\" content=\"B K\" \/>\n<meta name=\"twitter:label1\" content=\"Verfasst von\" \/>\n\t<meta name=\"twitter:data1\" content=\"B K\" \/>\n\t<meta name=\"twitter:label2\" content=\"Gesch\u00e4tzte Lesezeit\" \/>\n\t<meta name=\"twitter:data2\" content=\"7\u00a0Minuten\" \/>\n<script type=\"application\/ld+json\" class=\"yoast-schema-graph\">{\"@context\":\"https:\/\/schema.org\",\"@graph\":[{\"@type\":\"WebPage\",\"@id\":\"https:\/\/www.kalender-uhrzeit.de\/blog\/kulturzeit\/feiertage-in-italien\/\",\"url\":\"https:\/\/www.kalender-uhrzeit.de\/blog\/kulturzeit\/feiertage-in-italien\/\",\"name\":\"Feiertage in Italien - Wie feiert Italien sein Feste?\",\"isPartOf\":{\"@id\":\"https:\/\/www.kalender-uhrzeit.de\/blog\/#website\"},\"datePublished\":\"2016-04-28T11:07:32+00:00\",\"dateModified\":\"2020-08-15T18:30:48+00:00\",\"author\":{\"@id\":\"https:\/\/www.kalender-uhrzeit.de\/blog\/#\/schema\/person\/e183927656d491565aa837f62e93e6a5\"},\"description\":\"Feiertage in Italien: Vom Karneval in Venedig \u00fcber die Weihnachtshexe Befana bis zur roten Silvester-Unterw\u00e4sche - Italien hat spannende Feiertagsbr\u00e4uche.\",\"breadcrumb\":{\"@id\":\"https:\/\/www.kalender-uhrzeit.de\/blog\/kulturzeit\/feiertage-in-italien\/#breadcrumb\"},\"inLanguage\":\"de\",\"potentialAction\":[{\"@type\":\"ReadAction\",\"target\":[\"https:\/\/www.kalender-uhrzeit.de\/blog\/kulturzeit\/feiertage-in-italien\/\"]}]},{\"@type\":\"BreadcrumbList\",\"@id\":\"https:\/\/www.kalender-uhrzeit.de\/blog\/kulturzeit\/feiertage-in-italien\/#breadcrumb\",\"itemListElement\":[{\"@type\":\"ListItem\",\"position\":1,\"name\":\"Home\",\"item\":\"https:\/\/www.kalender-uhrzeit.de\/blog\/\"},{\"@type\":\"ListItem\",\"position\":2,\"name\":\"Feiertage in Italien\"}]},{\"@type\":\"WebSite\",\"@id\":\"https:\/\/www.kalender-uhrzeit.de\/blog\/#website\",\"url\":\"https:\/\/www.kalender-uhrzeit.de\/blog\/\",\"name\":\"KalUhrBlog\",\"description\":\"\",\"potentialAction\":[{\"@type\":\"SearchAction\",\"target\":{\"@type\":\"EntryPoint\",\"urlTemplate\":\"https:\/\/www.kalender-uhrzeit.de\/blog\/?s={search_term_string}\"},\"query-input\":\"required name=search_term_string\"}],\"inLanguage\":\"de\"},{\"@type\":\"Person\",\"@id\":\"https:\/\/www.kalender-uhrzeit.de\/blog\/#\/schema\/person\/e183927656d491565aa837f62e93e6a5\",\"name\":\"B K\",\"url\":\"https:\/\/www.kalender-uhrzeit.de\/blog\/author\/musicmonk\/\"}]}<\/script>\n<!-- \/ Yoast SEO plugin. -->","yoast_head_json":{"title":"Feiertage in Italien - Wie feiert Italien sein Feste?","description":"Feiertage in Italien: Vom Karneval in Venedig \u00fcber die Weihnachtshexe Befana bis zur roten Silvester-Unterw\u00e4sche - Italien hat spannende Feiertagsbr\u00e4uche.","robots":{"index":"index","follow":"follow","max-snippet":"max-snippet:-1","max-image-preview":"max-image-preview:large","max-video-preview":"max-video-preview:-1"},"canonical":"https:\/\/www.kalender-uhrzeit.de\/blog\/kulturzeit\/feiertage-in-italien\/","og_locale":"de_DE","og_type":"article","og_title":"Feiertage in Italien - Wie feiert Italien sein Feste?","og_description":"Feiertage in Italien: Vom Karneval in Venedig \u00fcber die Weihnachtshexe Befana bis zur roten Silvester-Unterw\u00e4sche - Italien hat spannende Feiertagsbr\u00e4uche.","og_url":"https:\/\/www.kalender-uhrzeit.de\/blog\/kulturzeit\/feiertage-in-italien\/","og_site_name":"KalUhrBlog","article_published_time":"2016-04-28T11:07:32+00:00","article_modified_time":"2020-08-15T18:30:48+00:00","og_image":[{"width":740,"height":500,"url":"https:\/\/www.kalender-uhrzeit.de\/blog\/wp-content\/uploads\/2016\/04\/feiertage-in-italien.jpg","type":"image\/jpeg"}],"author":"B K","twitter_misc":{"Verfasst von":"B K","Gesch\u00e4tzte Lesezeit":"7\u00a0Minuten"},"schema":{"@context":"https:\/\/schema.org","@graph":[{"@type":"WebPage","@id":"https:\/\/www.kalender-uhrzeit.de\/blog\/kulturzeit\/feiertage-in-italien\/","url":"https:\/\/www.kalender-uhrzeit.de\/blog\/kulturzeit\/feiertage-in-italien\/","name":"Feiertage in Italien - Wie feiert Italien sein Feste?","isPartOf":{"@id":"https:\/\/www.kalender-uhrzeit.de\/blog\/#website"},"datePublished":"2016-04-28T11:07:32+00:00","dateModified":"2020-08-15T18:30:48+00:00","author":{"@id":"https:\/\/www.kalender-uhrzeit.de\/blog\/#\/schema\/person\/e183927656d491565aa837f62e93e6a5"},"description":"Feiertage in Italien: Vom Karneval in Venedig \u00fcber die Weihnachtshexe Befana bis zur roten Silvester-Unterw\u00e4sche - Italien hat spannende Feiertagsbr\u00e4uche.","breadcrumb":{"@id":"https:\/\/www.kalender-uhrzeit.de\/blog\/kulturzeit\/feiertage-in-italien\/#breadcrumb"},"inLanguage":"de","potentialAction":[{"@type":"ReadAction","target":["https:\/\/www.kalender-uhrzeit.de\/blog\/kulturzeit\/feiertage-in-italien\/"]}]},{"@type":"BreadcrumbList","@id":"https:\/\/www.kalender-uhrzeit.de\/blog\/kulturzeit\/feiertage-in-italien\/#breadcrumb","itemListElement":[{"@type":"ListItem","position":1,"name":"Home","item":"https:\/\/www.kalender-uhrzeit.de\/blog\/"},{"@type":"ListItem","position":2,"name":"Feiertage in Italien"}]},{"@type":"WebSite","@id":"https:\/\/www.kalender-uhrzeit.de\/blog\/#website","url":"https:\/\/www.kalender-uhrzeit.de\/blog\/","name":"KalUhrBlog","description":"","potentialAction":[{"@type":"SearchAction","target":{"@type":"EntryPoint","urlTemplate":"https:\/\/www.kalender-uhrzeit.de\/blog\/?s={search_term_string}"},"query-input":"required name=search_term_string"}],"inLanguage":"de"},{"@type":"Person","@id":"https:\/\/www.kalender-uhrzeit.de\/blog\/#\/schema\/person\/e183927656d491565aa837f62e93e6a5","name":"B K","url":"https:\/\/www.kalender-uhrzeit.de\/blog\/author\/musicmonk\/"}]}},"_links":{"self":[{"href":"https:\/\/www.kalender-uhrzeit.de\/blog\/wp-json\/wp\/v2\/posts\/1443"}],"collection":[{"href":"https:\/\/www.kalender-uhrzeit.de\/blog\/wp-json\/wp\/v2\/posts"}],"about":[{"href":"https:\/\/www.kalender-uhrzeit.de\/blog\/wp-json\/wp\/v2\/types\/post"}],"author":[{"embeddable":true,"href":"https:\/\/www.kalender-uhrzeit.de\/blog\/wp-json\/wp\/v2\/users\/3"}],"replies":[{"embeddable":true,"href":"https:\/\/www.kalender-uhrzeit.de\/blog\/wp-json\/wp\/v2\/comments?post=1443"}],"version-history":[{"count":170,"href":"https:\/\/www.kalender-uhrzeit.de\/blog\/wp-json\/wp\/v2\/posts\/1443\/revisions"}],"predecessor-version":[{"id":2710,"href":"https:\/\/www.kalender-uhrzeit.de\/blog\/wp-json\/wp\/v2\/posts\/1443\/revisions\/2710"}],"wp:featuredmedia":[{"embeddable":true,"href":"https:\/\/www.kalender-uhrzeit.de\/blog\/wp-json\/wp\/v2\/media\/1456"}],"wp:attachment":[{"href":"https:\/\/www.kalender-uhrzeit.de\/blog\/wp-json\/wp\/v2\/media?parent=1443"}],"wp:term":[{"taxonomy":"category","embeddable":true,"href":"https:\/\/www.kalender-uhrzeit.de\/blog\/wp-json\/wp\/v2\/categories?post=1443"},{"taxonomy":"post_tag","embeddable":true,"href":"https:\/\/www.kalender-uhrzeit.de\/blog\/wp-json\/wp\/v2\/tags?post=1443"}],"curies":[{"name":"wp","href":"https:\/\/api.w.org\/{rel}","templated":true}]}}