

{"id":1019,"date":"2015-06-26T11:52:54","date_gmt":"2015-06-26T09:52:54","guid":{"rendered":"https:\/\/blog.kalender-uhrzeit.de\/?p=1019"},"modified":"2020-08-09T17:06:26","modified_gmt":"2020-08-09T15:06:26","slug":"sommerferien-2015-nrw-macht-den-anfang","status":"publish","type":"post","link":"https:\/\/www.kalender-uhrzeit.de\/blog\/freizeit\/sommerferien-2015-nrw-macht-den-anfang\/","title":{"rendered":"Sommerferien 2015 \u2013 NRW macht den Anfang"},"content":{"rendered":"<p><strong>Die Sommerferien 2015 stehen unmittelbar vor der T\u00fcr. Am 29. Juni startet Nordrhein-Westfalen als erstes der 16 Bundesl\u00e4nder in die hei\u00df ersehnte Sommerpause \u2013 die Sch\u00fcler in Bayern m\u00fcssen darauf am l\u00e4ngsten warten: F\u00fcr sie beginnen die Sommerferien erst am 1. August.<\/strong><\/p>\r\n\r\n<a href=\"\/blog\/wp-content\/uploads\/2015\/06\/postkarte-sommerferien.png\" data-rel=\"lightbox-image-0\" data-rl_title=\"\" data-rl_caption=\"\" title=\"\"><img decoding=\"async\" loading=\"lazy\" src=\"\/blog\/wp-content\/uploads\/2015\/06\/postkarte-sommerferien.png\" alt=\"Postkarte in den Sommerferien 2015\" width=\"700\" height=\"490\"\/><\/a><p class=\"wp-caption-text\">Wann sind endlich Sommerferien?<\/p>\r\n\r\n<h2>Wann sind Sommerferien 2015 in Deutschland?<\/h2>\r\n\r\n<div class=\"fllContent\"><a href=\"\/blog\/wp-content\/uploads\/2015\/06\/wer-hat-die-laengsten-sommerferien.png\" data-rel=\"lightbox-image-1\" data-rl_title=\"\" data-rl_caption=\"\" title=\"\"><img decoding=\"async\" loading=\"lazy\" src=\"\/blog\/wp-content\/uploads\/2015\/06\/wer-hat-die-laengsten-sommerferien.png\" alt=\"Deutschlandkarte mit Sommerferien\" width=\"300\" height=\"420\"\/><\/a><p class=\"wp-caption-text\">Die l\u00e4ngsten Sommerferien:<br>47 freie Tage in Berlin und Sachsen-Anhalt<\/p><\/div>\r\n\r\n<p>Zuerst d\u00fcrfen sich die Sch\u00fcler in Nordrhein-Westfalen \u00fcber die Sommerferien freuen. Am 29. Juni beginnen f\u00fcr sie insgesamt 46 freie Tage am St\u00fcck. Damit landen sie gemeinsam mit Baden-W\u00fcrttemberg und Brandenburg auf Platz 2 der l\u00e4ngsten Sommerferien. Nur Berlin und Sachsen-Anhalt k\u00f6nnen dies mit 47 freien Tagen \u00fcberbieten. Am l\u00e4ngsten warten die Sch\u00fcler in Bayern auf die Sommerferien 2015: Dort starten sie erst am 1. August.<\/p>\r\n\r\n<p>Die k\u00fcrzesten Sommerferien haben Bremen, Hamburg und Niedersachsen. Die 30 Ferientage summieren sich mit den Wochenenden hier nur zu 42 freien Tagen am St\u00fcck auf &#8211; das Schlusslicht im bundesweiten Vergleich. Aber keine Sorge, diese Bundesl\u00e4nder kommen nicht grunds\u00e4tzlich zu kurz in der Ferienplanung. Die freien Tage verteilen sich hier nur anders. Denn das &#8222;Hamburger Abkommen&#8220; legte bereits 1964 fest, dass den Sch\u00fclern in Deutschland insgesamt 75 Werktage als Schulferien zur Verf\u00fcgung stehen. Die Verteilung der Schulferien auf die einzelnen Ferienarten erfolgt durch die L\u00e4nder. So l\u00e4sst sich beispielsweise auch erkl\u00e4ren, warum einige Bundesl\u00e4nder Winterferien haben und andere nicht.<\/p>\r\n\r\n<p>Die Variation der Ferientermine zwischen den einzelnen Bundesl\u00e4ndern soll f\u00fcr Verkehrsentlastungen sorgen. Hier geht&#8217;s zur \u00dcbersicht der <a href=\"https:\/\/www.kalender-uhrzeit.de\/ferien-2015\/ferienart-sommerferien-2015\" target=\"_blank\" rel=\"noopener noreferrer\">Sommerferien 2015<\/a> f\u00fcr alle Bundesl\u00e4nder.<\/p>\r\n\r\n<h2>In den Sommerferien etwas tun \u2013 beliebte Ferienjobs<\/h2>\r\n\r\n<p>Wer in den Sommerferien sein Taschengeld aufstocken m\u00f6chte, kann einem Ferienjob nachgehen. Besonders beliebt ist das Babysitten. H\u00e4ufig ergibt sich im Bekanntenkreis die Gelegenheit dazu, da eine gewisse Vertrautheit zwischen dem <strong>Babysitter<\/strong> und dem Kind bestehen sollte. Die Bezahlung liegt in der Regel zwischen f\u00fcnf bis acht Euro pro Stunde.<\/p>\r\n\r\n<p>Ein weiterer beliebter Ferienjob ist <strong>Nachhilfe geben<\/strong>. Wer in einem bestimmten Fach besonders fit ist, kann mit Nachhilfestunden in den Sommerferien Geld verdienen. Zwischen acht und 15 Euro sind g\u00e4ngige Preise f\u00fcr eine Unterrichtseinheit, die 45 Minuten lang ist. Wichtig ist, dass der Nachhilfelehrer in seinem Fach kompetent ist, Freude am Unterrichten hat und etwas \u00e4lter ist als sein Sch\u00fcler.<\/p>\r\n\r\n<p>Wer in den Sommerferien <strong>Zeitungen austragen<\/strong> m\u00f6chte, sollte gern zeitig aufstehen und seinen Job bei Wind und Wetter antreten. Schlie\u00dflich kann es auch in den Sommerferien einmal regnen. Au\u00dferdem kann es passieren, dass der Zeitungszusteller &#8211; je nach Einsatzgebiet &#8211; recht weit laufen muss. Wem das alles nichts ausmacht, kann mit diesem Ferienjob zwischen 50 und 150 Euro pro Monat verdienen.<\/p>\r\n\r\n<p>Ein g\u00e4ngiger Ferienjob in den Sommerferien ist zudem <strong>Regale im Supermarkt einr\u00e4umen<\/strong>. Was zun\u00e4chst recht l\u00e4ssig klingt, kann durchaus eine anstrengende Arbeit sein. Die Kisten k\u00f6nnen schwer, die Regale hoch und das Lager weit weg sein. Zu den Aufgaben geh\u00f6rt das Auspacken der Ware, das Bef\u00fcllen der Regale und die Entsorgung der leeren Verpackungen. Der Stundenlohn bewegt sich f\u00fcr diesen Ferienjob zwischen f\u00fcnf und acht Euro.<\/p>\r\n\r\n<div class=\"fllContent\"><a href=\"\/blog\/wp-content\/uploads\/2015\/06\/merkzettel-ferienjob.png\" data-rel=\"lightbox-image-2\" data-rl_title=\"\" data-rl_caption=\"\" title=\"\"><img decoding=\"async\" loading=\"lazy\" src=\"\/blog\/wp-content\/uploads\/2015\/06\/merkzettel-ferienjob.png\" alt=\"Merkzettel f\u00fcr Ferienjobs\" width=\"215\" height=\"200\"\/><\/a><p class=\"wp-caption-text\">Bei Ferienjobs gibt es einiges zu beachten<\/p><\/div>\r\n\r\n<h3>Wichtige Regelungen f\u00fcr die Ferienjobs<\/h3>\r\n<ul>\r\n<li>Gehalt: seit Januar 2015 gibt es zwar der Mindestlohn von 8,50 Euro pro Stunde, dieser gilt aber nicht f\u00fcr Sch\u00fcler unter 18 Jahren und ohne abgeschlossene Berufsausbildung<\/li>\r\n<li>ein Ferienjob ist befristet und bedarf daher keiner K\u00fcndigung<\/li>\r\n<li>Ferienjobs d\u00fcrfen nur von Kindern\/Jugendlichen ausgef\u00fchrt werden, die das 14. Lebensjahr vollendet haben<\/li>\r\n<li>pro Tag d\u00fcrfen maximal 8 Stunden ohne Pause und 10 Stunden mit Pause gearbeitet werden<\/li>\r\n<li>nimmt der Ferienjob nicht mehr als zwei Monate bzw. 50 Tage pro Kalenderjahr ein, ist er von der Sozialversicherung befreit<\/li>\r\n<li>in jedem Fall muss der Sch\u00fcler seine Lohnsteuerkarte dem Arbeitgeber vorlegen<\/li>\r\n<\/ul>","protected":false},"excerpt":{"rendered":"Die Sommerferien 2015 stehen unmittelbar vor der T\u00fcr. Am 29. Juni startet Nordrhein-Westfalen als erstes der 16 Bundesl\u00e4nder in die hei\u00df ersehnte Sommerpause \u2013 die","protected":false},"author":3,"featured_media":1089,"comment_status":"open","ping_status":"open","sticky":false,"template":"","format":"standard","meta":[],"categories":[1],"tags":[55,60,65],"yoast_head":"<!-- This site is optimized with the Yoast SEO plugin v20.12 - https:\/\/yoast.com\/wordpress\/plugins\/seo\/ -->\n<title>Sommerferien 2015 \u2013 NRW macht den Anfang<\/title>\n<meta name=\"description\" content=\"Wann sind Sommerferien 2015? Was kann ich in den Ferien gegen Langeweile tun? Was muss ich bei Ferienjobs beachten? Viele Fragen - die wir euch beantworten!\" \/>\n<meta name=\"robots\" content=\"index, follow, max-snippet:-1, max-image-preview:large, max-video-preview:-1\" \/>\n<link rel=\"canonical\" href=\"https:\/\/www.kalender-uhrzeit.de\/blog\/freizeit\/sommerferien-2015-nrw-macht-den-anfang\/\" \/>\n<meta property=\"og:locale\" content=\"de_DE\" \/>\n<meta property=\"og:type\" content=\"article\" \/>\n<meta property=\"og:title\" content=\"Sommerferien 2015 \u2013 NRW macht den Anfang\" \/>\n<meta property=\"og:description\" content=\"Wann sind Sommerferien 2015? Was kann ich in den Ferien gegen Langeweile tun? Was muss ich bei Ferienjobs beachten? Viele Fragen - die wir euch beantworten!\" \/>\n<meta property=\"og:url\" content=\"https:\/\/www.kalender-uhrzeit.de\/blog\/freizeit\/sommerferien-2015-nrw-macht-den-anfang\/\" \/>\n<meta property=\"og:site_name\" content=\"KalUhrBlog\" \/>\n<meta property=\"article:published_time\" content=\"2015-06-26T09:52:54+00:00\" \/>\n<meta property=\"article:modified_time\" content=\"2020-08-09T15:06:26+00:00\" \/>\n<meta property=\"og:image\" content=\"https:\/\/www.kalender-uhrzeit.de\/blog\/wp-content\/uploads\/2015\/06\/postkarte-sommerferien.png\" \/>\n\t<meta property=\"og:image:width\" content=\"700\" \/>\n\t<meta property=\"og:image:height\" content=\"490\" \/>\n\t<meta property=\"og:image:type\" content=\"image\/png\" \/>\n<meta name=\"author\" content=\"B K\" \/>\n<meta name=\"twitter:label1\" content=\"Verfasst von\" \/>\n\t<meta name=\"twitter:data1\" content=\"B K\" \/>\n\t<meta name=\"twitter:label2\" content=\"Gesch\u00e4tzte Lesezeit\" \/>\n\t<meta name=\"twitter:data2\" content=\"3\u00a0Minuten\" \/>\n<script type=\"application\/ld+json\" class=\"yoast-schema-graph\">{\"@context\":\"https:\/\/schema.org\",\"@graph\":[{\"@type\":\"WebPage\",\"@id\":\"https:\/\/www.kalender-uhrzeit.de\/blog\/freizeit\/sommerferien-2015-nrw-macht-den-anfang\/\",\"url\":\"https:\/\/www.kalender-uhrzeit.de\/blog\/freizeit\/sommerferien-2015-nrw-macht-den-anfang\/\",\"name\":\"Sommerferien 2015 \u2013 NRW macht den Anfang\",\"isPartOf\":{\"@id\":\"https:\/\/www.kalender-uhrzeit.de\/blog\/#website\"},\"datePublished\":\"2015-06-26T09:52:54+00:00\",\"dateModified\":\"2020-08-09T15:06:26+00:00\",\"author\":{\"@id\":\"https:\/\/www.kalender-uhrzeit.de\/blog\/#\/schema\/person\/e183927656d491565aa837f62e93e6a5\"},\"description\":\"Wann sind Sommerferien 2015? Was kann ich in den Ferien gegen Langeweile tun? Was muss ich bei Ferienjobs beachten? Viele Fragen - die wir euch beantworten!\",\"breadcrumb\":{\"@id\":\"https:\/\/www.kalender-uhrzeit.de\/blog\/freizeit\/sommerferien-2015-nrw-macht-den-anfang\/#breadcrumb\"},\"inLanguage\":\"de\",\"potentialAction\":[{\"@type\":\"ReadAction\",\"target\":[\"https:\/\/www.kalender-uhrzeit.de\/blog\/freizeit\/sommerferien-2015-nrw-macht-den-anfang\/\"]}]},{\"@type\":\"BreadcrumbList\",\"@id\":\"https:\/\/www.kalender-uhrzeit.de\/blog\/freizeit\/sommerferien-2015-nrw-macht-den-anfang\/#breadcrumb\",\"itemListElement\":[{\"@type\":\"ListItem\",\"position\":1,\"name\":\"Home\",\"item\":\"https:\/\/www.kalender-uhrzeit.de\/blog\/\"},{\"@type\":\"ListItem\",\"position\":2,\"name\":\"Sommerferien 2015 \u2013 NRW macht den Anfang\"}]},{\"@type\":\"WebSite\",\"@id\":\"https:\/\/www.kalender-uhrzeit.de\/blog\/#website\",\"url\":\"https:\/\/www.kalender-uhrzeit.de\/blog\/\",\"name\":\"KalUhrBlog\",\"description\":\"\",\"potentialAction\":[{\"@type\":\"SearchAction\",\"target\":{\"@type\":\"EntryPoint\",\"urlTemplate\":\"https:\/\/www.kalender-uhrzeit.de\/blog\/?s={search_term_string}\"},\"query-input\":\"required name=search_term_string\"}],\"inLanguage\":\"de\"},{\"@type\":\"Person\",\"@id\":\"https:\/\/www.kalender-uhrzeit.de\/blog\/#\/schema\/person\/e183927656d491565aa837f62e93e6a5\",\"name\":\"B K\",\"url\":\"https:\/\/www.kalender-uhrzeit.de\/blog\/author\/musicmonk\/\"}]}<\/script>\n<!-- \/ Yoast SEO plugin. -->","yoast_head_json":{"title":"Sommerferien 2015 \u2013 NRW macht den Anfang","description":"Wann sind Sommerferien 2015? Was kann ich in den Ferien gegen Langeweile tun? Was muss ich bei Ferienjobs beachten? Viele Fragen - die wir euch beantworten!","robots":{"index":"index","follow":"follow","max-snippet":"max-snippet:-1","max-image-preview":"max-image-preview:large","max-video-preview":"max-video-preview:-1"},"canonical":"https:\/\/www.kalender-uhrzeit.de\/blog\/freizeit\/sommerferien-2015-nrw-macht-den-anfang\/","og_locale":"de_DE","og_type":"article","og_title":"Sommerferien 2015 \u2013 NRW macht den Anfang","og_description":"Wann sind Sommerferien 2015? Was kann ich in den Ferien gegen Langeweile tun? Was muss ich bei Ferienjobs beachten? Viele Fragen - die wir euch beantworten!","og_url":"https:\/\/www.kalender-uhrzeit.de\/blog\/freizeit\/sommerferien-2015-nrw-macht-den-anfang\/","og_site_name":"KalUhrBlog","article_published_time":"2015-06-26T09:52:54+00:00","article_modified_time":"2020-08-09T15:06:26+00:00","og_image":[{"width":700,"height":490,"url":"https:\/\/www.kalender-uhrzeit.de\/blog\/wp-content\/uploads\/2015\/06\/postkarte-sommerferien.png","type":"image\/png"}],"author":"B K","twitter_misc":{"Verfasst von":"B K","Gesch\u00e4tzte Lesezeit":"3\u00a0Minuten"},"schema":{"@context":"https:\/\/schema.org","@graph":[{"@type":"WebPage","@id":"https:\/\/www.kalender-uhrzeit.de\/blog\/freizeit\/sommerferien-2015-nrw-macht-den-anfang\/","url":"https:\/\/www.kalender-uhrzeit.de\/blog\/freizeit\/sommerferien-2015-nrw-macht-den-anfang\/","name":"Sommerferien 2015 \u2013 NRW macht den Anfang","isPartOf":{"@id":"https:\/\/www.kalender-uhrzeit.de\/blog\/#website"},"datePublished":"2015-06-26T09:52:54+00:00","dateModified":"2020-08-09T15:06:26+00:00","author":{"@id":"https:\/\/www.kalender-uhrzeit.de\/blog\/#\/schema\/person\/e183927656d491565aa837f62e93e6a5"},"description":"Wann sind Sommerferien 2015? Was kann ich in den Ferien gegen Langeweile tun? Was muss ich bei Ferienjobs beachten? Viele Fragen - die wir euch beantworten!","breadcrumb":{"@id":"https:\/\/www.kalender-uhrzeit.de\/blog\/freizeit\/sommerferien-2015-nrw-macht-den-anfang\/#breadcrumb"},"inLanguage":"de","potentialAction":[{"@type":"ReadAction","target":["https:\/\/www.kalender-uhrzeit.de\/blog\/freizeit\/sommerferien-2015-nrw-macht-den-anfang\/"]}]},{"@type":"BreadcrumbList","@id":"https:\/\/www.kalender-uhrzeit.de\/blog\/freizeit\/sommerferien-2015-nrw-macht-den-anfang\/#breadcrumb","itemListElement":[{"@type":"ListItem","position":1,"name":"Home","item":"https:\/\/www.kalender-uhrzeit.de\/blog\/"},{"@type":"ListItem","position":2,"name":"Sommerferien 2015 \u2013 NRW macht den Anfang"}]},{"@type":"WebSite","@id":"https:\/\/www.kalender-uhrzeit.de\/blog\/#website","url":"https:\/\/www.kalender-uhrzeit.de\/blog\/","name":"KalUhrBlog","description":"","potentialAction":[{"@type":"SearchAction","target":{"@type":"EntryPoint","urlTemplate":"https:\/\/www.kalender-uhrzeit.de\/blog\/?s={search_term_string}"},"query-input":"required name=search_term_string"}],"inLanguage":"de"},{"@type":"Person","@id":"https:\/\/www.kalender-uhrzeit.de\/blog\/#\/schema\/person\/e183927656d491565aa837f62e93e6a5","name":"B K","url":"https:\/\/www.kalender-uhrzeit.de\/blog\/author\/musicmonk\/"}]}},"_links":{"self":[{"href":"https:\/\/www.kalender-uhrzeit.de\/blog\/wp-json\/wp\/v2\/posts\/1019"}],"collection":[{"href":"https:\/\/www.kalender-uhrzeit.de\/blog\/wp-json\/wp\/v2\/posts"}],"about":[{"href":"https:\/\/www.kalender-uhrzeit.de\/blog\/wp-json\/wp\/v2\/types\/post"}],"author":[{"embeddable":true,"href":"https:\/\/www.kalender-uhrzeit.de\/blog\/wp-json\/wp\/v2\/users\/3"}],"replies":[{"embeddable":true,"href":"https:\/\/www.kalender-uhrzeit.de\/blog\/wp-json\/wp\/v2\/comments?post=1019"}],"version-history":[{"count":27,"href":"https:\/\/www.kalender-uhrzeit.de\/blog\/wp-json\/wp\/v2\/posts\/1019\/revisions"}],"predecessor-version":[{"id":2708,"href":"https:\/\/www.kalender-uhrzeit.de\/blog\/wp-json\/wp\/v2\/posts\/1019\/revisions\/2708"}],"wp:featuredmedia":[{"embeddable":true,"href":"https:\/\/www.kalender-uhrzeit.de\/blog\/wp-json\/wp\/v2\/media\/1089"}],"wp:attachment":[{"href":"https:\/\/www.kalender-uhrzeit.de\/blog\/wp-json\/wp\/v2\/media?parent=1019"}],"wp:term":[{"taxonomy":"category","embeddable":true,"href":"https:\/\/www.kalender-uhrzeit.de\/blog\/wp-json\/wp\/v2\/categories?post=1019"},{"taxonomy":"post_tag","embeddable":true,"href":"https:\/\/www.kalender-uhrzeit.de\/blog\/wp-json\/wp\/v2\/tags?post=1019"}],"curies":[{"name":"wp","href":"https:\/\/api.w.org\/{rel}","templated":true}]}}